{"id":47643,"date":"2024-12-17T14:52:12","date_gmt":"2024-12-17T13:52:12","guid":{"rendered":"https:\/\/twincapfirst.ch\/?p=47643"},"modified":"2024-12-22T10:58:43","modified_gmt":"2024-12-22T09:58:43","slug":"new-outlook-ab-01-06-2025","status":"publish","type":"post","link":"https:\/\/twincapfirst.ch\/de\/blog\/new-outlook-ab-01-06-2025\/","title":{"rendered":"New Outlook ab 06.01.2025"},"content":{"rendered":"\n<h2 class=\"wp-block-heading\" id=\"h-was-hat-microsoft-vor\">Was hat Microsoft vor?<\/h2>\n\n\n\n<p>Wir m\u00f6chten Sie aus aktuellem Anlass informieren, dass Microsoft vor ein paar Tagen angek\u00fcndigt hat, bei allen Microsoft 365 Business Standard und Microsoft 365 Business Premium Kunden das jetzige Outlook auf das neue Microsoft &#8222;New Outlook&#8220; umzustellen. Nicht betroffen sind Kunden, welche Enterprise Lizenzen einsetzen und\/oder mit Apple Mac Ger\u00e4ten unterwegs sind. Diese bleiben aktuell verschont. Ab dem 06. Januar 2025 soll das &#8222;New Outlook&#8220; bei Microsoft 365-Business-Pl\u00e4nen standardm\u00e4ssig umgestellt werden. Sofern man nicht aktiv wird, passiert dieser Wechsel automatisch durch Microsoft initiert. <\/p>\n\n\n\n<h2 class=\"wp-block-heading\" id=\"h-unsere-empfehlung-zum-neuen-outlook\">Unsere Empfehlung zum neuen Outlook <\/h2>\n\n\n\n<p>Wir sind der Meinung, das das neue Outlook leider noch nicht ausgereift ist f\u00fcr den Alltag der &#8222;normalen&#8220; Benutzer. Aufgrund diverser R\u00fcckmeldungen, einerseits von Kunden und auch von anderen IT Partnern, empfehlen wir unseren Kunden, auf der &#8222;alten&#8220; Version zu verbleiben, diese wird von Microsoft noch <a href=\"https:\/\/techcommunity.microsoft.com\/blog\/outlook\/new-outlook-for-windows-a-guide-to-product-availability\/4078895\" target=\"_blank\" rel=\"noreferrer noopener nofollow\">bis mindestens 2029<\/a> unterst\u00fctzt. Somit ist eigentlich keine Eile angesagt. Wir verstehen, dass Microsoft sich von der &#8222;Legacy&#8220; B\u00fcrde l\u00f6sen m\u00f6chte und dies vermutlich auch immer wieder forcieren wird, aber aktuell ist das eher ein Wagnis, als ein kluger Schritt.<\/p>\n\n\n\n<p>Falls also ein Benutzer umgestellt wird auf Windows, so kann der User jederzeit direkt in Outlook selbst\u00e4ndig zur\u00fcckwechseln. Dies geht in Windows wie unten gezeigt, n\u00e4mlich direkt in der Outlook Applikation.<\/p>\n\n\n\n<figure class=\"wp-block-image size-full\"><img loading=\"lazy\" decoding=\"async\" width=\"436\" height=\"336\" src=\"https:\/\/twincapfirst.ch\/wp-content\/uploads\/2024\/12\/image-9.png\" alt=\"New Outlook\" class=\"wp-image-47628\" srcset=\"https:\/\/twincapfirst.ch\/wp-content\/uploads\/2024\/12\/image-9.png 436w, https:\/\/twincapfirst.ch\/wp-content\/uploads\/2024\/12\/image-9-300x231.png 300w, https:\/\/twincapfirst.ch\/wp-content\/uploads\/2024\/12\/image-9-320x247.png 320w\" sizes=\"auto, (max-width: 436px) 100vw, 436px\" \/><\/figure>\n\n\n\n<p>Dann nach dem Regler das Feedback einfach \u00fcbergehen und ignorieren.<\/p>\n\n\n\n<figure class=\"wp-block-image size-large is-resized\"><img loading=\"lazy\" decoding=\"async\" width=\"679\" height=\"1024\" src=\"https:\/\/twincapfirst.ch\/wp-content\/uploads\/2024\/12\/image-3-679x1024.png\" alt=\"Outlook New\" class=\"wp-image-47600\" style=\"width:337px;height:auto\" srcset=\"https:\/\/twincapfirst.ch\/wp-content\/uploads\/2024\/12\/image-3-679x1024.png 679w, https:\/\/twincapfirst.ch\/wp-content\/uploads\/2024\/12\/image-3-199x300.png 199w, https:\/\/twincapfirst.ch\/wp-content\/uploads\/2024\/12\/image-3-540x814.png 540w, https:\/\/twincapfirst.ch\/wp-content\/uploads\/2024\/12\/image-3-320x482.png 320w, https:\/\/twincapfirst.ch\/wp-content\/uploads\/2024\/12\/image-3-425x640.png 425w, https:\/\/twincapfirst.ch\/wp-content\/uploads\/2024\/12\/image-3-663x1000.png 663w, https:\/\/twincapfirst.ch\/wp-content\/uploads\/2024\/12\/image-3.png 735w\" sizes=\"auto, (max-width: 679px) 100vw, 679px\" \/><\/figure>\n\n\n\n<h2 class=\"wp-block-heading\" id=\"h-was-kann-ich-tun-damit-die-user-nicht-umgestellt-werden\"><strong>Was kann ich tun damit die User nicht umgestellt werden?<\/strong><\/h2>\n\n\n\n<p>Betroffen sind im Wesen alle Windows Endger\u00e4te. Nicht betroffen sind Iphones\/Android, Mac Ger\u00e4te oder Ipad\/Android Tablets. Um die Forcierung auf &#8222;Outlook new&#8220; zu unterbinden f\u00fcr die Benutzer, kann wie folgt vorgegangen werden.<\/p>\n\n\n\n<h3 class=\"wp-block-heading\" id=\"h-manuelle-variante-musste-jeder-user-machen-benotigt-adminrechte-auf-windows\">Manuelle Variante &#8211; m\u00fcsste jeder User machen (ben\u00f6tigt Adminrechte auf Windows)<\/h3>\n\n\n\n<p>Via Registry den folgenden Eintrag f\u00fcr den Benutzer setzen:<\/p>\n\n\n\n<p>[HKEY_CURRENT_USER\\Software\\Microsoft\\Office\\16.0\\Outlook\\Preferences]<br>&#8222;UseNewOutlook&#8220;=dword:00000000<\/p>\n\n\n\n<h3 class=\"wp-block-heading\" id=\"h-variante-uber-intune\">Variante \u00fcber Intune<\/h3>\n\n\n\n<p>Vorg\u00e4ngig <a href=\"https:\/\/twincapfirst.ch\/wp-content\/uploads\/2024\/12\/preventOutlookNew.zip\" target=\"_blank\" rel=\"noreferrer noopener\">folgende ZIP Datei<\/a> runterladen und entpacken.<\/p>\n\n\n\n<p>Login bei <a href=\"https:\/\/intune.microsoft.com\" target=\"_blank\" rel=\"noreferrer noopener nofollow\">https:\/\/intune.microsoft.com<\/a> &#8211; auf Ger\u00e4te dr\u00fccken, dann Scripts und Wartungen anw\u00e4hlen.<\/p>\n\n\n\n<figure class=\"wp-block-image size-full\"><img loading=\"lazy\" decoding=\"async\" width=\"388\" height=\"421\" src=\"https:\/\/twincapfirst.ch\/wp-content\/uploads\/2024\/12\/image-4.png\" alt=\"Outlook New\" class=\"wp-image-47607\" srcset=\"https:\/\/twincapfirst.ch\/wp-content\/uploads\/2024\/12\/image-4.png 388w, https:\/\/twincapfirst.ch\/wp-content\/uploads\/2024\/12\/image-4-276x300.png 276w, https:\/\/twincapfirst.ch\/wp-content\/uploads\/2024\/12\/image-4-320x347.png 320w\" sizes=\"auto, (max-width: 388px) 100vw, 388px\" \/><\/figure>\n\n\n\n<p>Auf Plattformskripts gehen, Hinzuf\u00fcgen, Windows 10 und h\u00f6her<\/p>\n\n\n\n<figure class=\"wp-block-image size-full\"><img loading=\"lazy\" decoding=\"async\" width=\"388\" height=\"202\" src=\"https:\/\/twincapfirst.ch\/wp-content\/uploads\/2024\/12\/image-5.png\" alt=\"Outlook New\" class=\"wp-image-47613\" srcset=\"https:\/\/twincapfirst.ch\/wp-content\/uploads\/2024\/12\/image-5.png 388w, https:\/\/twincapfirst.ch\/wp-content\/uploads\/2024\/12\/image-5-300x156.png 300w, https:\/\/twincapfirst.ch\/wp-content\/uploads\/2024\/12\/image-5-320x167.png 320w\" sizes=\"auto, (max-width: 388px) 100vw, 388px\" \/><\/figure>\n\n\n\n<p>Namen und optional eine Beschreibung hinzuf\u00fcgen<\/p>\n\n\n\n<figure class=\"wp-block-image size-full is-resized\"><img loading=\"lazy\" decoding=\"async\" width=\"390\" height=\"179\" src=\"https:\/\/twincapfirst.ch\/wp-content\/uploads\/2024\/12\/image-6.png\" alt=\"\" class=\"wp-image-47616\" style=\"width:392px;height:auto\" srcset=\"https:\/\/twincapfirst.ch\/wp-content\/uploads\/2024\/12\/image-6.png 390w, https:\/\/twincapfirst.ch\/wp-content\/uploads\/2024\/12\/image-6-300x138.png 300w, https:\/\/twincapfirst.ch\/wp-content\/uploads\/2024\/12\/image-6-320x147.png 320w\" sizes=\"auto, (max-width: 390px) 100vw, 390px\" \/><\/figure>\n\n\n\n<p>Skript &#8222;RemediateOutlookSettings.ps1&#8220; anw\u00e4hlen aus dem ZIP, restliche Einstellungen gem\u00e4ss Screenshots machen. Gruppe &#8222;Alle Benutzer&#8220; einschliessen und Setup fertigmachen.<\/p>\n\n\n\n<figure class=\"wp-block-image size-full\"><img loading=\"lazy\" decoding=\"async\" width=\"396\" height=\"173\" src=\"https:\/\/twincapfirst.ch\/wp-content\/uploads\/2024\/12\/image-7.png\" alt=\"\" class=\"wp-image-47619\" srcset=\"https:\/\/twincapfirst.ch\/wp-content\/uploads\/2024\/12\/image-7.png 396w, https:\/\/twincapfirst.ch\/wp-content\/uploads\/2024\/12\/image-7-300x131.png 300w, https:\/\/twincapfirst.ch\/wp-content\/uploads\/2024\/12\/image-7-320x140.png 320w\" sizes=\"auto, (max-width: 396px) 100vw, 396px\" \/><\/figure>\n\n\n\n<figure class=\"wp-block-image size-full\"><img loading=\"lazy\" decoding=\"async\" width=\"400\" height=\"173\" src=\"https:\/\/twincapfirst.ch\/wp-content\/uploads\/2024\/12\/image-8.png\" alt=\"\" class=\"wp-image-47622\" srcset=\"https:\/\/twincapfirst.ch\/wp-content\/uploads\/2024\/12\/image-8.png 400w, https:\/\/twincapfirst.ch\/wp-content\/uploads\/2024\/12\/image-8-300x130.png 300w, https:\/\/twincapfirst.ch\/wp-content\/uploads\/2024\/12\/image-8-320x138.png 320w\" sizes=\"auto, (max-width: 400px) 100vw, 400px\" \/><\/figure>\n\n\n\n<p>Bei Fragen k\u00f6nnen Sie jederzeit unser Support kontaktieren:<br><a href=\"mailto:support@twincapfirst.ch\">support@twincapfirst.ch<\/a><br>+41 44 578 08 98<\/p>\n\n\n\n<p><\/p>\n\n\n\n<p><\/p>\n\n\n\n<p><\/p>\n","protected":false},"excerpt":{"rendered":"<p>Was hat Microsoft vor? Wir m\u00f6chten Sie aus aktuellem Anlass informieren, dass Microsoft vor ein paar Tagen angek\u00fcndigt hat, bei allen Microsoft 365 Business Standard und Microsoft 365 Business Premium Kunden das jetzige Outlook auf das neue Microsoft &#8222;New Outlook&#8220; umzustellen. Nicht betroffen sind Kunden, welche Enterprise Lizenzen einsetzen und\/oder mit Apple Mac Ger\u00e4ten unterwegs [&hellip;]<\/p>\n","protected":false},"author":2,"featured_media":47630,"comment_status":"closed","ping_status":"closed","sticky":false,"template":"","format":"standard","meta":{"_acf_changed":false,"footnotes":""},"categories":[2774,2954,2777,2795,2778,2826],"tags":[2780,2781,2797,2799,2785],"service-tag":[40,38],"class_list":["post-47643","post","type-post","status-publish","format-standard","has-post-thumbnail","hentry","category-blog-eintrag-de","category-contact-sync-de","category-microsoft-365-de","category-news-de","category-teams-de","category-twincap-first-de","tag-cloud-telefonie-de","tag-microsoft-teams-de","tag-ms-teams-de","tag-teams-de","tag-teams-telefonie-de","service-tag-azure","service-tag-teams"],"acf":[],"yoast_head":"<!-- This site is optimized with the Yoast SEO Premium plugin v27.5 (Yoast SEO v27.5) - https:\/\/yoast.com\/product\/yoast-seo-premium-wordpress\/ -->\n<title>Outlook New - ab 6. Januar 2025 wird umgestellt - sie wollen nicht?<\/title>\n<meta name=\"description\" content=\"Outlook New - ab 6. Januar 2025 wird umgestellt - sie wollen nicht? Dann zeigen wir Ihnen wie Sie das verhindern k\u00f6nnen.\" \/>\n<meta name=\"robots\" content=\"index, follow, max-snippet:-1, max-image-preview:large, max-video-preview:-1\" \/>\n<link rel=\"canonical\" href=\"https:\/\/twincapfirst.ch\/de\/blog\/new-outlook-ab-01-06-2025\/\" \/>\n<meta property=\"og:locale\" content=\"de_DE\" \/>\n<meta property=\"og:type\" content=\"article\" \/>\n<meta property=\"og:title\" content=\"New Outlook ab 06.01.2025\" \/>\n<meta property=\"og:description\" content=\"Outlook New - ab 6. Januar 2025 wird umgestellt - sie wollen nicht? Dann zeigen wir Ihnen wie Sie das verhindern k\u00f6nnen.\" \/>\n<meta property=\"og:url\" content=\"https:\/\/twincapfirst.ch\/de\/blog\/new-outlook-ab-01-06-2025\/\" \/>\n<meta property=\"og:site_name\" content=\"TwinCap First AG\" \/>\n<meta property=\"article:publisher\" content=\"https:\/\/www.facebook.com\/twincapfirst\/\" \/>\n<meta property=\"article:published_time\" content=\"2024-12-17T13:52:12+00:00\" \/>\n<meta property=\"article:modified_time\" content=\"2024-12-22T09:58:43+00:00\" \/>\n<meta property=\"og:image\" content=\"https:\/\/twincapfirst.ch\/wp-content\/uploads\/2024\/12\/image-9.png\" \/>\n\t<meta property=\"og:image:width\" content=\"436\" \/>\n\t<meta property=\"og:image:height\" content=\"336\" \/>\n\t<meta property=\"og:image:type\" content=\"image\/png\" \/>\n<meta name=\"author\" content=\"christoph.schoch@twincapfirst.ch\" \/>\n<meta name=\"twitter:card\" content=\"summary_large_image\" \/>\n<meta name=\"twitter:label1\" content=\"Verfasst von\" \/>\n\t<meta name=\"twitter:data1\" content=\"christoph.schoch@twincapfirst.ch\" \/>\n\t<meta name=\"twitter:label2\" content=\"Gesch\u00e4tzte Lesezeit\" \/>\n\t<meta name=\"twitter:data2\" content=\"4\u00a0Minuten\" \/>\n<script type=\"application\/ld+json\" class=\"yoast-schema-graph\">{\"@context\":\"https:\\\/\\\/schema.org\",\"@graph\":[{\"@type\":\"Article\",\"@id\":\"https:\\\/\\\/twincapfirst.ch\\\/de\\\/blog\\\/new-outlook-ab-01-06-2025\\\/#article\",\"isPartOf\":{\"@id\":\"https:\\\/\\\/twincapfirst.ch\\\/de\\\/blog\\\/new-outlook-ab-01-06-2025\\\/\"},\"author\":{\"name\":\"christoph.schoch@twincapfirst.ch\",\"@id\":\"https:\\\/\\\/twincapfirst.ch\\\/de\\\/#\\\/schema\\\/person\\\/e209fc362446205692717b0aef040efd\"},\"headline\":\"New Outlook ab 06.01.2025\",\"datePublished\":\"2024-12-17T13:52:12+00:00\",\"dateModified\":\"2024-12-22T09:58:43+00:00\",\"mainEntityOfPage\":{\"@id\":\"https:\\\/\\\/twincapfirst.ch\\\/de\\\/blog\\\/new-outlook-ab-01-06-2025\\\/\"},\"wordCount\":390,\"publisher\":{\"@id\":\"https:\\\/\\\/twincapfirst.ch\\\/de\\\/#organization\"},\"image\":{\"@id\":\"https:\\\/\\\/twincapfirst.ch\\\/de\\\/blog\\\/new-outlook-ab-01-06-2025\\\/#primaryimage\"},\"thumbnailUrl\":\"https:\\\/\\\/twincapfirst.ch\\\/wp-content\\\/uploads\\\/2024\\\/12\\\/image-9.png\",\"keywords\":[\"Cloud Telefonie\",\"Microsoft Teams\",\"MS Teams\",\"teams\",\"Teams Telefonie\"],\"articleSection\":[\"Blog-Eintrag\",\"Contact Sync\",\"Microsoft 365\",\"News\",\"Teams\",\"TwinCap First\"],\"inLanguage\":\"de\"},{\"@type\":\"WebPage\",\"@id\":\"https:\\\/\\\/twincapfirst.ch\\\/de\\\/blog\\\/new-outlook-ab-01-06-2025\\\/\",\"url\":\"https:\\\/\\\/twincapfirst.ch\\\/de\\\/blog\\\/new-outlook-ab-01-06-2025\\\/\",\"name\":\"Outlook New - ab 6. Januar 2025 wird umgestellt - sie wollen nicht?\",\"isPartOf\":{\"@id\":\"https:\\\/\\\/twincapfirst.ch\\\/de\\\/#website\"},\"primaryImageOfPage\":{\"@id\":\"https:\\\/\\\/twincapfirst.ch\\\/de\\\/blog\\\/new-outlook-ab-01-06-2025\\\/#primaryimage\"},\"image\":{\"@id\":\"https:\\\/\\\/twincapfirst.ch\\\/de\\\/blog\\\/new-outlook-ab-01-06-2025\\\/#primaryimage\"},\"thumbnailUrl\":\"https:\\\/\\\/twincapfirst.ch\\\/wp-content\\\/uploads\\\/2024\\\/12\\\/image-9.png\",\"datePublished\":\"2024-12-17T13:52:12+00:00\",\"dateModified\":\"2024-12-22T09:58:43+00:00\",\"description\":\"Outlook New - ab 6. Januar 2025 wird umgestellt - sie wollen nicht? Dann zeigen wir Ihnen wie Sie das verhindern k\u00f6nnen.\",\"breadcrumb\":{\"@id\":\"https:\\\/\\\/twincapfirst.ch\\\/de\\\/blog\\\/new-outlook-ab-01-06-2025\\\/#breadcrumb\"},\"inLanguage\":\"de\",\"potentialAction\":[{\"@type\":\"ReadAction\",\"target\":[\"https:\\\/\\\/twincapfirst.ch\\\/de\\\/blog\\\/new-outlook-ab-01-06-2025\\\/\"]}]},{\"@type\":\"ImageObject\",\"inLanguage\":\"de\",\"@id\":\"https:\\\/\\\/twincapfirst.ch\\\/de\\\/blog\\\/new-outlook-ab-01-06-2025\\\/#primaryimage\",\"url\":\"https:\\\/\\\/twincapfirst.ch\\\/wp-content\\\/uploads\\\/2024\\\/12\\\/image-9.png\",\"contentUrl\":\"https:\\\/\\\/twincapfirst.ch\\\/wp-content\\\/uploads\\\/2024\\\/12\\\/image-9.png\",\"width\":436,\"height\":336},{\"@type\":\"BreadcrumbList\",\"@id\":\"https:\\\/\\\/twincapfirst.ch\\\/de\\\/blog\\\/new-outlook-ab-01-06-2025\\\/#breadcrumb\",\"itemListElement\":[{\"@type\":\"ListItem\",\"position\":1,\"name\":\"Startseite\",\"item\":\"https:\\\/\\\/twincapfirst.ch\\\/de\\\/\"},{\"@type\":\"ListItem\",\"position\":2,\"name\":\"New Outlook ab 06.01.2025\"}]},{\"@type\":\"WebSite\",\"@id\":\"https:\\\/\\\/twincapfirst.ch\\\/de\\\/#website\",\"url\":\"https:\\\/\\\/twincapfirst.ch\\\/de\\\/\",\"name\":\"TwinCap First AG\",\"description\":\"\",\"publisher\":{\"@id\":\"https:\\\/\\\/twincapfirst.ch\\\/de\\\/#organization\"},\"potentialAction\":[{\"@type\":\"SearchAction\",\"target\":{\"@type\":\"EntryPoint\",\"urlTemplate\":\"https:\\\/\\\/twincapfirst.ch\\\/de\\\/?s={search_term_string}\"},\"query-input\":{\"@type\":\"PropertyValueSpecification\",\"valueRequired\":true,\"valueName\":\"search_term_string\"}}],\"inLanguage\":\"de\"},{\"@type\":\"Organization\",\"@id\":\"https:\\\/\\\/twincapfirst.ch\\\/de\\\/#organization\",\"name\":\"TwinCap First AG\",\"url\":\"https:\\\/\\\/twincapfirst.ch\\\/de\\\/\",\"logo\":{\"@type\":\"ImageObject\",\"inLanguage\":\"de\",\"@id\":\"https:\\\/\\\/twincapfirst.ch\\\/de\\\/#\\\/schema\\\/logo\\\/image\\\/\",\"url\":\"https:\\\/\\\/twincapfirst.ch\\\/wp-content\\\/uploads\\\/2024\\\/08\\\/TCF_Logo.png\",\"contentUrl\":\"https:\\\/\\\/twincapfirst.ch\\\/wp-content\\\/uploads\\\/2024\\\/08\\\/TCF_Logo.png\",\"width\":1510,\"height\":440,\"caption\":\"TwinCap First AG\"},\"image\":{\"@id\":\"https:\\\/\\\/twincapfirst.ch\\\/de\\\/#\\\/schema\\\/logo\\\/image\\\/\"},\"sameAs\":[\"https:\\\/\\\/www.facebook.com\\\/twincapfirst\\\/\",\"https:\\\/\\\/www.linkedin.com\\\/company\\\/twincap-first-ag\\\/\"]},{\"@type\":\"Person\",\"@id\":\"https:\\\/\\\/twincapfirst.ch\\\/de\\\/#\\\/schema\\\/person\\\/e209fc362446205692717b0aef040efd\",\"name\":\"christoph.schoch@twincapfirst.ch\",\"image\":{\"@type\":\"ImageObject\",\"inLanguage\":\"de\",\"@id\":\"https:\\\/\\\/secure.gravatar.com\\\/avatar\\\/a13233c9248b2b6475500e5da4af765d0ed21f11d36a9038d5b3be256ddda8af?s=96&d=mm&r=g\",\"url\":\"https:\\\/\\\/secure.gravatar.com\\\/avatar\\\/a13233c9248b2b6475500e5da4af765d0ed21f11d36a9038d5b3be256ddda8af?s=96&d=mm&r=g\",\"contentUrl\":\"https:\\\/\\\/secure.gravatar.com\\\/avatar\\\/a13233c9248b2b6475500e5da4af765d0ed21f11d36a9038d5b3be256ddda8af?s=96&d=mm&r=g\",\"caption\":\"christoph.schoch@twincapfirst.ch\"}}]}<\/script>\n<!-- \/ Yoast SEO Premium plugin. -->","yoast_head_json":{"title":"Outlook New - ab 6. Januar 2025 wird umgestellt - sie wollen nicht?","description":"Outlook New - ab 6. Januar 2025 wird umgestellt - sie wollen nicht? Dann zeigen wir Ihnen wie Sie das verhindern k\u00f6nnen.","robots":{"index":"index","follow":"follow","max-snippet":"max-snippet:-1","max-image-preview":"max-image-preview:large","max-video-preview":"max-video-preview:-1"},"canonical":"https:\/\/twincapfirst.ch\/de\/blog\/new-outlook-ab-01-06-2025\/","og_locale":"de_DE","og_type":"article","og_title":"New Outlook ab 06.01.2025","og_description":"Outlook New - ab 6. Januar 2025 wird umgestellt - sie wollen nicht? Dann zeigen wir Ihnen wie Sie das verhindern k\u00f6nnen.","og_url":"https:\/\/twincapfirst.ch\/de\/blog\/new-outlook-ab-01-06-2025\/","og_site_name":"TwinCap First AG","article_publisher":"https:\/\/www.facebook.com\/twincapfirst\/","article_published_time":"2024-12-17T13:52:12+00:00","article_modified_time":"2024-12-22T09:58:43+00:00","og_image":[{"width":436,"height":336,"url":"https:\/\/twincapfirst.ch\/wp-content\/uploads\/2024\/12\/image-9.png","type":"image\/png"}],"author":"christoph.schoch@twincapfirst.ch","twitter_card":"summary_large_image","twitter_misc":{"Verfasst von":"christoph.schoch@twincapfirst.ch","Gesch\u00e4tzte Lesezeit":"4\u00a0Minuten"},"schema":{"@context":"https:\/\/schema.org","@graph":[{"@type":"Article","@id":"https:\/\/twincapfirst.ch\/de\/blog\/new-outlook-ab-01-06-2025\/#article","isPartOf":{"@id":"https:\/\/twincapfirst.ch\/de\/blog\/new-outlook-ab-01-06-2025\/"},"author":{"name":"christoph.schoch@twincapfirst.ch","@id":"https:\/\/twincapfirst.ch\/de\/#\/schema\/person\/e209fc362446205692717b0aef040efd"},"headline":"New Outlook ab 06.01.2025","datePublished":"2024-12-17T13:52:12+00:00","dateModified":"2024-12-22T09:58:43+00:00","mainEntityOfPage":{"@id":"https:\/\/twincapfirst.ch\/de\/blog\/new-outlook-ab-01-06-2025\/"},"wordCount":390,"publisher":{"@id":"https:\/\/twincapfirst.ch\/de\/#organization"},"image":{"@id":"https:\/\/twincapfirst.ch\/de\/blog\/new-outlook-ab-01-06-2025\/#primaryimage"},"thumbnailUrl":"https:\/\/twincapfirst.ch\/wp-content\/uploads\/2024\/12\/image-9.png","keywords":["Cloud Telefonie","Microsoft Teams","MS Teams","teams","Teams Telefonie"],"articleSection":["Blog-Eintrag","Contact Sync","Microsoft 365","News","Teams","TwinCap First"],"inLanguage":"de"},{"@type":"WebPage","@id":"https:\/\/twincapfirst.ch\/de\/blog\/new-outlook-ab-01-06-2025\/","url":"https:\/\/twincapfirst.ch\/de\/blog\/new-outlook-ab-01-06-2025\/","name":"Outlook New - ab 6. Januar 2025 wird umgestellt - sie wollen nicht?","isPartOf":{"@id":"https:\/\/twincapfirst.ch\/de\/#website"},"primaryImageOfPage":{"@id":"https:\/\/twincapfirst.ch\/de\/blog\/new-outlook-ab-01-06-2025\/#primaryimage"},"image":{"@id":"https:\/\/twincapfirst.ch\/de\/blog\/new-outlook-ab-01-06-2025\/#primaryimage"},"thumbnailUrl":"https:\/\/twincapfirst.ch\/wp-content\/uploads\/2024\/12\/image-9.png","datePublished":"2024-12-17T13:52:12+00:00","dateModified":"2024-12-22T09:58:43+00:00","description":"Outlook New - ab 6. Januar 2025 wird umgestellt - sie wollen nicht? Dann zeigen wir Ihnen wie Sie das verhindern k\u00f6nnen.","breadcrumb":{"@id":"https:\/\/twincapfirst.ch\/de\/blog\/new-outlook-ab-01-06-2025\/#breadcrumb"},"inLanguage":"de","potentialAction":[{"@type":"ReadAction","target":["https:\/\/twincapfirst.ch\/de\/blog\/new-outlook-ab-01-06-2025\/"]}]},{"@type":"ImageObject","inLanguage":"de","@id":"https:\/\/twincapfirst.ch\/de\/blog\/new-outlook-ab-01-06-2025\/#primaryimage","url":"https:\/\/twincapfirst.ch\/wp-content\/uploads\/2024\/12\/image-9.png","contentUrl":"https:\/\/twincapfirst.ch\/wp-content\/uploads\/2024\/12\/image-9.png","width":436,"height":336},{"@type":"BreadcrumbList","@id":"https:\/\/twincapfirst.ch\/de\/blog\/new-outlook-ab-01-06-2025\/#breadcrumb","itemListElement":[{"@type":"ListItem","position":1,"name":"Startseite","item":"https:\/\/twincapfirst.ch\/de\/"},{"@type":"ListItem","position":2,"name":"New Outlook ab 06.01.2025"}]},{"@type":"WebSite","@id":"https:\/\/twincapfirst.ch\/de\/#website","url":"https:\/\/twincapfirst.ch\/de\/","name":"TwinCap First AG","description":"","publisher":{"@id":"https:\/\/twincapfirst.ch\/de\/#organization"},"potentialAction":[{"@type":"SearchAction","target":{"@type":"EntryPoint","urlTemplate":"https:\/\/twincapfirst.ch\/de\/?s={search_term_string}"},"query-input":{"@type":"PropertyValueSpecification","valueRequired":true,"valueName":"search_term_string"}}],"inLanguage":"de"},{"@type":"Organization","@id":"https:\/\/twincapfirst.ch\/de\/#organization","name":"TwinCap First AG","url":"https:\/\/twincapfirst.ch\/de\/","logo":{"@type":"ImageObject","inLanguage":"de","@id":"https:\/\/twincapfirst.ch\/de\/#\/schema\/logo\/image\/","url":"https:\/\/twincapfirst.ch\/wp-content\/uploads\/2024\/08\/TCF_Logo.png","contentUrl":"https:\/\/twincapfirst.ch\/wp-content\/uploads\/2024\/08\/TCF_Logo.png","width":1510,"height":440,"caption":"TwinCap First AG"},"image":{"@id":"https:\/\/twincapfirst.ch\/de\/#\/schema\/logo\/image\/"},"sameAs":["https:\/\/www.facebook.com\/twincapfirst\/","https:\/\/www.linkedin.com\/company\/twincap-first-ag\/"]},{"@type":"Person","@id":"https:\/\/twincapfirst.ch\/de\/#\/schema\/person\/e209fc362446205692717b0aef040efd","name":"christoph.schoch@twincapfirst.ch","image":{"@type":"ImageObject","inLanguage":"de","@id":"https:\/\/secure.gravatar.com\/avatar\/a13233c9248b2b6475500e5da4af765d0ed21f11d36a9038d5b3be256ddda8af?s=96&d=mm&r=g","url":"https:\/\/secure.gravatar.com\/avatar\/a13233c9248b2b6475500e5da4af765d0ed21f11d36a9038d5b3be256ddda8af?s=96&d=mm&r=g","contentUrl":"https:\/\/secure.gravatar.com\/avatar\/a13233c9248b2b6475500e5da4af765d0ed21f11d36a9038d5b3be256ddda8af?s=96&d=mm&r=g","caption":"christoph.schoch@twincapfirst.ch"}}]}},"_links":{"self":[{"href":"https:\/\/twincapfirst.ch\/de\/wp-json\/wp\/v2\/posts\/47643","targetHints":{"allow":["GET"]}}],"collection":[{"href":"https:\/\/twincapfirst.ch\/de\/wp-json\/wp\/v2\/posts"}],"about":[{"href":"https:\/\/twincapfirst.ch\/de\/wp-json\/wp\/v2\/types\/post"}],"author":[{"embeddable":true,"href":"https:\/\/twincapfirst.ch\/de\/wp-json\/wp\/v2\/users\/2"}],"replies":[{"embeddable":true,"href":"https:\/\/twincapfirst.ch\/de\/wp-json\/wp\/v2\/comments?post=47643"}],"version-history":[{"count":4,"href":"https:\/\/twincapfirst.ch\/de\/wp-json\/wp\/v2\/posts\/47643\/revisions"}],"predecessor-version":[{"id":47676,"href":"https:\/\/twincapfirst.ch\/de\/wp-json\/wp\/v2\/posts\/47643\/revisions\/47676"}],"wp:featuredmedia":[{"embeddable":true,"href":"https:\/\/twincapfirst.ch\/de\/wp-json\/wp\/v2\/media\/47630"}],"wp:attachment":[{"href":"https:\/\/twincapfirst.ch\/de\/wp-json\/wp\/v2\/media?parent=47643"}],"wp:term":[{"taxonomy":"category","embeddable":true,"href":"https:\/\/twincapfirst.ch\/de\/wp-json\/wp\/v2\/categories?post=47643"},{"taxonomy":"post_tag","embeddable":true,"href":"https:\/\/twincapfirst.ch\/de\/wp-json\/wp\/v2\/tags?post=47643"},{"taxonomy":"service-tag","embeddable":true,"href":"https:\/\/twincapfirst.ch\/de\/wp-json\/wp\/v2\/service-tag?post=47643"}],"curies":[{"name":"wp","href":"https:\/\/api.w.org\/{rel}","templated":true}]}}