{"id":45589,"date":"2017-11-10T09:37:21","date_gmt":"2017-11-10T08:37:21","guid":{"rendered":"https:\/\/twincapfirst.ch\/blog\/office-365-germany\/"},"modified":"2024-10-26T17:08:09","modified_gmt":"2024-10-26T15:08:09","slug":"office-365-germany","status":"publish","type":"post","link":"https:\/\/twincapfirst.ch\/de\/blog\/office-365-germany\/","title":{"rendered":"Office 365 Germany &#8211; Microsoft in Deutschland"},"content":{"rendered":"\n<h2 class=\"wp-block-heading\" id=\"h-office-365-germany-ein-uberblick-uber-die-de-cloud\">Office 365 Germany &#8211; ein \u00dcberblick \u00fcber die DE Cloud<\/h2>\n\n\n\n<figure class=\"wp-block-image\"><img decoding=\"async\" src=\"https:\/\/twincapfirst.ch\/wp-content\/uploads\/2024\/09\/GermanCloud.png\" alt=\"Office 365 Germany\"\/><\/figure>\n\n\n\n<p><\/p>\n\n\n\n<h2 class=\"wp-block-heading\" id=\"h-notes-from-the-field\">Notes from the Field:<\/h2>\n\n\n\n<p>Microsoft baut seine Cloud-Datacenter-Standorte rund um den Globus stets aus. So ist seit Januar 2017 auch ein Datacenter in Deutschland verf\u00fcgbar (Frankfurt). Dieses wird durch die T-Systems Deutschland betrieben. F\u00fcr Unternehmen, welche spezifische Anforderungen an den Speicherort der Daten von Office 365 oder Azure haben, ist dieser Umstand eine weiteres Argument die Cloud-Dienste von Microsoft zu nutzen. Zum Beispiel Schweizer Finanz- und Versicherungs-Institute legen Wert auf eine entsprechende &#8222;Daten-Verwaltung&#8220;. TwinCap First hatte vor kurzem die Gelegenheit, eine Migration nach <em>Office 365 Germany<\/em> zu begleiten. Dieser Blog-Beitrag befasst sich mit den Erfahrungs-Werten &#8211; Schwergewicht Migration nach Exchange Online.<\/p>\n\n\n\n<p>Im Umgang mit <em>Office 365 Germany<\/em> sind folgende, vermeidlich simple Dinge zu beachten:<\/p>\n\n\n\n<ul class=\"wp-block-list\">\n<li>Das Office 365 Portal wird sowohl f\u00fcr den Endbenutzer als auch f\u00fcr den Administrator \u00fcber https:\/\/portal.office.de aufgerufen<\/li>\n\n\n\n<li>Die Remote-PowerShell f\u00fcr Exchange Online wird \u00fcber den &#8220; ConnectionUri&#8220; https:\/\/outlook.office.de\/powershell-liveid\u00a0\u00a0konfiguriert<\/li>\n\n\n\n<li>Der Zugriff via PowerShell aufs Azure Active Directory erfolgt sowohl mit Azure AD PowerShell 1.0, also auch mit der Version 2.0 mit\u00a0dem Parameter &#8222;AzureEnvironemnt&#8220;, ohne welchen die Anmeldung am Azure AD nicht funktioniert:\n<ul class=\"wp-block-list\">\n<li>$AzureAdCred = Get-Credential<\/li>\n\n\n\n<li>PS 1.0: Connect-MsolService -Credential $AzureAdCred -AzureEnvironment &#8222;AzureGermanyCloud&#8220;<\/li>\n\n\n\n<li>PS 2.0: Connect-AzureAD -Credential $AzureAdCred\u00a0-AzureEnvironment &#8222;AzureGermanyCloud&#8220;<\/li>\n<\/ul>\n<\/li>\n\n\n\n<li>Azure AD PS 1.0 wird z.B. zum Deaktivieren der Verzeichnis Synchronisation ben\u00f6tigt, da gerade dieser Befehl unter Azure AD PS 2.0 noch nicht zur Verf\u00fcgung steht<\/li>\n\n\n\n<li>Der Autodiscover-DNS-Eintrag zeigt nach &#8222;autodiscover-outlook.office.de&#8220;<\/li>\n\n\n\n<li>Der MX-DNS-Eintrag f\u00fcr Exchange Online Protection zeigt nach &#8222;.mail.protection.outlook.de&#8220;<\/li>\n\n\n\n<li>Beim Hybrid Configuration Wizard-Dialog &#8222;Hosted by&#8220; muss &#8222;Office 365 Germany&#8220; gew\u00e4hlt werden<\/li>\n<\/ul>\n\n\n\n<p>Mit <em>Office 365 Germany<\/em> kann eine Hybrid Konfiguration zwischen Exchange On-Premises und Exchange Online konfiguriert werden, jedoch steht die Variante &#8222;Express Migration&#8220; noch nicht zur Verf\u00fcgung. Um eine Migration nach Exchange Online durchzuf\u00fchren, ohne den Hybrid Configuration Wizard (HCW)&nbsp;komplett aus zu konfigurieren, gehen man wie folgt vor:<\/p>\n\n\n\n<ul class=\"wp-block-list\">\n<li>Starten des HCW mit Hybrid Features &#8222;Minimal&#8220;<\/li>\n\n\n\n<li><a href=\"https:\/\/twincapfirst.ch\/de\/blog\/hybrid-express-migration-in-der-praxis\/\">diesem Blog-Beitrag<\/a><\/li>\n\n\n\n<li>Eine AADC-Installation auf einem dedizierten Server macht aus meiner Sicht nur dann Sinn, wenn man die Directory-Synchronisation \u00fcber eine l\u00e4ngere Zeitdauer aufrecht erhalten muss. Ansonsten kann AADC problemlos auf einem bestehenden\u00a0Exchange-Server installiert werden<\/li>\n\n\n\n<li>Synchronisation der gew\u00fcnschten AD-Objekte ins Azure Active Directory der <em>Azure Germany Cloud<\/em><\/li>\n\n\n\n<li>Den Office 365-Benutzern\u00a0KEINE\u00a0Exchange-Lizenzen zuweisen (wie dies die Express Migration voraussetzen w\u00fcrde)<\/li>\n\n\n\n<li>Via Office 365 Admin-Portal-> Admin Center-> Exchange-> \u00a0Recipients-> Migration-> &#8222;Migrate to Exchange Online&#8220; k\u00f6nnen die Mailboxen analog der Variante &#8222;Full Hybrid&#8220; nach Exchange Online vor-synchronisiert, bzw. migriert\u00a0werden<\/li>\n<\/ul>\n\n\n\n<p>Des Weitern&nbsp;sind folgende Features erw\u00e4hnenswert, welche aktuell in der Deutschen Variante von Office 365 noch nicht verf\u00fcgbar sind, respektive bei welchen wir&nbsp;teilweise auch den&nbsp;&#8222;Kopf angeschlagen&#8220; haben (Stand: 11\/2017):<\/p>\n\n\n\n<ul class=\"wp-block-list\">\n<li>Microsoft Intune &#8211; aktueller Workaround: separater Azure AD Tenant in der EU-Cloud erstellen und das Windows 10-Management von dort aus bewerkstelligen &#8211; der Azure AD-Join der Ger\u00e4te funktioniert inzwischen mit der <em>Azure\u00a0DE-Trustee Cloud<\/em>, aber das Management derselben Ger\u00e4te hat vorderhand \u00fcber einen &#8222;Worldwide-Tenant&#8220; zu erfolgen<\/li>\n\n\n\n<li>Microsoft Teams<\/li>\n\n\n\n<li>AADC-Sign-In-Option &#8222;Passthrough Authentication&#8220;<\/li>\n\n\n\n<li>Office 365 Import Service (sofern man\u00a0Maildaten via\u00a0&#8222;Export-PST\/Import-PST nach Exchange Online Migrieren m\u00f6chte)<\/li>\n<\/ul>\n\n\n\n<p>Microsoft hat eine <a href=\"https:\/\/support.office.com\/en-us\/article\/Learn-about-Office-365-Germany-8a5a4bbc-667a-4cac-8769-d8ac9015db4c\" target=\"_blank\" rel=\"noreferrer noopener nofollow\">\u00dcbersich<\/a>t publiziert, welche die verf\u00fcgbaren oder bald verf\u00fcgbaren Features in <em>Office 365 Germany<\/em> dokumentiert. Diese \u00dcbersicht ist etwas verwirrend und teilweise auch nicht 100% aktuell. Um einen aktuellen Stand der verf\u00fcgbaren Feature zu erhalten, empfiehlt es sich, direkt bei Microsoft nachzufragen. Sofern man schon einen <em>Office 365 Germany<\/em>-Tenant besitzt, kann man dies sehr gut \u00fcber ein Support Ticket abwickeln.<\/p>\n\n\n\n<p>Die Ger\u00fcchtek\u00fcche besagt, dass <em>Office 365 Germany<\/em> ca. 3 &#8211; 6 Monate hinter den Office 365 Worldwide-Angebot hinterherhinkt, aber es k\u00f6nnen sehr wohl schon heute Workloads (gerade Exchange Online und\/oder SharePoint Online) in die Datacenters von Frankfurt migriert werden. Dabei konnte ich feststellen, dass das Er\u00f6ffnen eines Support Tickets innerhalb des Office 365 German-Tenant einen R\u00fcckruf eines kompetenten, deutschsprachigen Support-Engineers innerhalb von 5 &#8211; 10 Minuten ausl\u00f6st. Hoffen wir, dass das so bleibt!<\/p>\n","protected":false},"excerpt":{"rendered":"<p>Office 365 Germany &#8211; ein \u00dcberblick \u00fcber die DE Cloud Notes from the Field: Microsoft baut seine Cloud-Datacenter-Standorte rund um den Globus stets aus. So ist seit Januar 2017 auch ein Datacenter in Deutschland verf\u00fcgbar (Frankfurt). Dieses wird durch die T-Systems Deutschland betrieben. F\u00fcr Unternehmen, welche spezifische Anforderungen an den Speicherort der Daten von Office [&hellip;]<\/p>\n","protected":false},"author":4,"featured_media":43520,"comment_status":"closed","ping_status":"closed","sticky":false,"template":"","format":"standard","meta":{"_acf_changed":false,"footnotes":""},"categories":[2774,2796],"tags":[],"service-tag":[40,39],"class_list":["post-45589","post","type-post","status-publish","format-standard","has-post-thumbnail","hentry","category-blog-eintrag-de","category-office-365-de","service-tag-azure","service-tag-m365"],"acf":[],"yoast_head":"<!-- This site is optimized with the Yoast SEO Premium plugin v27.4 (Yoast SEO v27.4) - https:\/\/yoast.com\/product\/yoast-seo-premium-wordpress\/ -->\n<title>Office 365 Germany - Daten in Deutschland<\/title>\n<meta name=\"description\" content=\"Office 365 Germany - Notes from the Field - Migration von Office 365 in das deutsche Office 365 Rechenzentrum der Deutschen Telekom\" \/>\n<meta name=\"robots\" content=\"index, follow, max-snippet:-1, max-image-preview:large, max-video-preview:-1\" \/>\n<link rel=\"canonical\" href=\"https:\/\/twincapfirst.ch\/de\/blog\/office-365-germany\/\" \/>\n<meta property=\"og:locale\" content=\"de_DE\" \/>\n<meta property=\"og:type\" content=\"article\" \/>\n<meta property=\"og:title\" content=\"Office 365 Germany - Microsoft in Deutschland\" \/>\n<meta property=\"og:description\" content=\"Office 365 Germany - Notes from the Field - Migration von Office 365 in das deutsche Office 365 Rechenzentrum der Deutschen Telekom\" \/>\n<meta property=\"og:url\" content=\"https:\/\/twincapfirst.ch\/de\/blog\/office-365-germany\/\" \/>\n<meta property=\"og:site_name\" content=\"TwinCap First AG\" \/>\n<meta property=\"article:publisher\" content=\"https:\/\/www.facebook.com\/twincapfirst\/\" \/>\n<meta property=\"article:published_time\" content=\"2017-11-10T08:37:21+00:00\" \/>\n<meta property=\"article:modified_time\" content=\"2024-10-26T15:08:09+00:00\" \/>\n<meta property=\"og:image\" content=\"https:\/\/twincapfirst.ch\/wp-content\/uploads\/2024\/09\/GermanCloud.png\" \/>\n\t<meta property=\"og:image:width\" content=\"308\" \/>\n\t<meta property=\"og:image:height\" content=\"164\" \/>\n\t<meta property=\"og:image:type\" content=\"image\/png\" \/>\n<meta name=\"author\" content=\"christian.gfeller@twincapfirst.ch\" \/>\n<meta name=\"twitter:card\" content=\"summary_large_image\" \/>\n<meta name=\"twitter:label1\" content=\"Verfasst von\" \/>\n\t<meta name=\"twitter:data1\" content=\"christian.gfeller@twincapfirst.ch\" \/>\n\t<meta name=\"twitter:label2\" content=\"Gesch\u00e4tzte Lesezeit\" \/>\n\t<meta name=\"twitter:data2\" content=\"4\u00a0Minuten\" \/>\n<script type=\"application\/ld+json\" class=\"yoast-schema-graph\">{\"@context\":\"https:\\\/\\\/schema.org\",\"@graph\":[{\"@type\":\"Article\",\"@id\":\"https:\\\/\\\/twincapfirst.ch\\\/de\\\/blog\\\/office-365-germany\\\/#article\",\"isPartOf\":{\"@id\":\"https:\\\/\\\/twincapfirst.ch\\\/de\\\/blog\\\/office-365-germany\\\/\"},\"author\":{\"name\":\"christian.gfeller@twincapfirst.ch\",\"@id\":\"https:\\\/\\\/twincapfirst.ch\\\/de\\\/#\\\/schema\\\/person\\\/60735053069b17573cfd7801638aef33\"},\"headline\":\"Office 365 Germany &#8211; Microsoft in Deutschland\",\"datePublished\":\"2017-11-10T08:37:21+00:00\",\"dateModified\":\"2024-10-26T15:08:09+00:00\",\"mainEntityOfPage\":{\"@id\":\"https:\\\/\\\/twincapfirst.ch\\\/de\\\/blog\\\/office-365-germany\\\/\"},\"wordCount\":655,\"publisher\":{\"@id\":\"https:\\\/\\\/twincapfirst.ch\\\/de\\\/#organization\"},\"image\":{\"@id\":\"https:\\\/\\\/twincapfirst.ch\\\/de\\\/blog\\\/office-365-germany\\\/#primaryimage\"},\"thumbnailUrl\":\"https:\\\/\\\/twincapfirst.ch\\\/wp-content\\\/uploads\\\/2024\\\/09\\\/GermanCloud.png\",\"articleSection\":[\"Blog-Eintrag\",\"Office 365\"],\"inLanguage\":\"de\"},{\"@type\":\"WebPage\",\"@id\":\"https:\\\/\\\/twincapfirst.ch\\\/de\\\/blog\\\/office-365-germany\\\/\",\"url\":\"https:\\\/\\\/twincapfirst.ch\\\/de\\\/blog\\\/office-365-germany\\\/\",\"name\":\"Office 365 Germany - Daten in Deutschland\",\"isPartOf\":{\"@id\":\"https:\\\/\\\/twincapfirst.ch\\\/de\\\/#website\"},\"primaryImageOfPage\":{\"@id\":\"https:\\\/\\\/twincapfirst.ch\\\/de\\\/blog\\\/office-365-germany\\\/#primaryimage\"},\"image\":{\"@id\":\"https:\\\/\\\/twincapfirst.ch\\\/de\\\/blog\\\/office-365-germany\\\/#primaryimage\"},\"thumbnailUrl\":\"https:\\\/\\\/twincapfirst.ch\\\/wp-content\\\/uploads\\\/2024\\\/09\\\/GermanCloud.png\",\"datePublished\":\"2017-11-10T08:37:21+00:00\",\"dateModified\":\"2024-10-26T15:08:09+00:00\",\"description\":\"Office 365 Germany - Notes from the Field - Migration von Office 365 in das deutsche Office 365 Rechenzentrum der Deutschen Telekom\",\"breadcrumb\":{\"@id\":\"https:\\\/\\\/twincapfirst.ch\\\/de\\\/blog\\\/office-365-germany\\\/#breadcrumb\"},\"inLanguage\":\"de\",\"potentialAction\":[{\"@type\":\"ReadAction\",\"target\":[\"https:\\\/\\\/twincapfirst.ch\\\/de\\\/blog\\\/office-365-germany\\\/\"]}]},{\"@type\":\"ImageObject\",\"inLanguage\":\"de\",\"@id\":\"https:\\\/\\\/twincapfirst.ch\\\/de\\\/blog\\\/office-365-germany\\\/#primaryimage\",\"url\":\"https:\\\/\\\/twincapfirst.ch\\\/wp-content\\\/uploads\\\/2024\\\/09\\\/GermanCloud.png\",\"contentUrl\":\"https:\\\/\\\/twincapfirst.ch\\\/wp-content\\\/uploads\\\/2024\\\/09\\\/GermanCloud.png\",\"width\":308,\"height\":164,\"caption\":\"O365 Germany\"},{\"@type\":\"BreadcrumbList\",\"@id\":\"https:\\\/\\\/twincapfirst.ch\\\/de\\\/blog\\\/office-365-germany\\\/#breadcrumb\",\"itemListElement\":[{\"@type\":\"ListItem\",\"position\":1,\"name\":\"Startseite\",\"item\":\"https:\\\/\\\/twincapfirst.ch\\\/de\\\/\"},{\"@type\":\"ListItem\",\"position\":2,\"name\":\"Office 365 Germany &#8211; Microsoft in Deutschland\"}]},{\"@type\":\"WebSite\",\"@id\":\"https:\\\/\\\/twincapfirst.ch\\\/de\\\/#website\",\"url\":\"https:\\\/\\\/twincapfirst.ch\\\/de\\\/\",\"name\":\"TwinCap First AG\",\"description\":\"\",\"publisher\":{\"@id\":\"https:\\\/\\\/twincapfirst.ch\\\/de\\\/#organization\"},\"potentialAction\":[{\"@type\":\"SearchAction\",\"target\":{\"@type\":\"EntryPoint\",\"urlTemplate\":\"https:\\\/\\\/twincapfirst.ch\\\/de\\\/?s={search_term_string}\"},\"query-input\":{\"@type\":\"PropertyValueSpecification\",\"valueRequired\":true,\"valueName\":\"search_term_string\"}}],\"inLanguage\":\"de\"},{\"@type\":\"Organization\",\"@id\":\"https:\\\/\\\/twincapfirst.ch\\\/de\\\/#organization\",\"name\":\"TwinCap First AG\",\"url\":\"https:\\\/\\\/twincapfirst.ch\\\/de\\\/\",\"logo\":{\"@type\":\"ImageObject\",\"inLanguage\":\"de\",\"@id\":\"https:\\\/\\\/twincapfirst.ch\\\/de\\\/#\\\/schema\\\/logo\\\/image\\\/\",\"url\":\"https:\\\/\\\/twincapfirst.ch\\\/wp-content\\\/uploads\\\/2024\\\/08\\\/TCF_Logo.png\",\"contentUrl\":\"https:\\\/\\\/twincapfirst.ch\\\/wp-content\\\/uploads\\\/2024\\\/08\\\/TCF_Logo.png\",\"width\":1510,\"height\":440,\"caption\":\"TwinCap First AG\"},\"image\":{\"@id\":\"https:\\\/\\\/twincapfirst.ch\\\/de\\\/#\\\/schema\\\/logo\\\/image\\\/\"},\"sameAs\":[\"https:\\\/\\\/www.facebook.com\\\/twincapfirst\\\/\",\"https:\\\/\\\/www.linkedin.com\\\/company\\\/twincap-first-ag\\\/\"]},{\"@type\":\"Person\",\"@id\":\"https:\\\/\\\/twincapfirst.ch\\\/de\\\/#\\\/schema\\\/person\\\/60735053069b17573cfd7801638aef33\",\"name\":\"christian.gfeller@twincapfirst.ch\",\"image\":{\"@type\":\"ImageObject\",\"inLanguage\":\"de\",\"@id\":\"https:\\\/\\\/secure.gravatar.com\\\/avatar\\\/a85475ee98df4e052b1d93c44e82fd3eb465f0e0fe40923fafbd331c354a4021?s=96&d=mm&r=g\",\"url\":\"https:\\\/\\\/secure.gravatar.com\\\/avatar\\\/a85475ee98df4e052b1d93c44e82fd3eb465f0e0fe40923fafbd331c354a4021?s=96&d=mm&r=g\",\"contentUrl\":\"https:\\\/\\\/secure.gravatar.com\\\/avatar\\\/a85475ee98df4e052b1d93c44e82fd3eb465f0e0fe40923fafbd331c354a4021?s=96&d=mm&r=g\",\"caption\":\"christian.gfeller@twincapfirst.ch\"}}]}<\/script>\n<!-- \/ Yoast SEO Premium plugin. -->","yoast_head_json":{"title":"Office 365 Germany - Daten in Deutschland","description":"Office 365 Germany - Notes from the Field - Migration von Office 365 in das deutsche Office 365 Rechenzentrum der Deutschen Telekom","robots":{"index":"index","follow":"follow","max-snippet":"max-snippet:-1","max-image-preview":"max-image-preview:large","max-video-preview":"max-video-preview:-1"},"canonical":"https:\/\/twincapfirst.ch\/de\/blog\/office-365-germany\/","og_locale":"de_DE","og_type":"article","og_title":"Office 365 Germany - Microsoft in Deutschland","og_description":"Office 365 Germany - Notes from the Field - Migration von Office 365 in das deutsche Office 365 Rechenzentrum der Deutschen Telekom","og_url":"https:\/\/twincapfirst.ch\/de\/blog\/office-365-germany\/","og_site_name":"TwinCap First AG","article_publisher":"https:\/\/www.facebook.com\/twincapfirst\/","article_published_time":"2017-11-10T08:37:21+00:00","article_modified_time":"2024-10-26T15:08:09+00:00","og_image":[{"width":308,"height":164,"url":"https:\/\/twincapfirst.ch\/wp-content\/uploads\/2024\/09\/GermanCloud.png","type":"image\/png"}],"author":"christian.gfeller@twincapfirst.ch","twitter_card":"summary_large_image","twitter_misc":{"Verfasst von":"christian.gfeller@twincapfirst.ch","Gesch\u00e4tzte Lesezeit":"4\u00a0Minuten"},"schema":{"@context":"https:\/\/schema.org","@graph":[{"@type":"Article","@id":"https:\/\/twincapfirst.ch\/de\/blog\/office-365-germany\/#article","isPartOf":{"@id":"https:\/\/twincapfirst.ch\/de\/blog\/office-365-germany\/"},"author":{"name":"christian.gfeller@twincapfirst.ch","@id":"https:\/\/twincapfirst.ch\/de\/#\/schema\/person\/60735053069b17573cfd7801638aef33"},"headline":"Office 365 Germany &#8211; Microsoft in Deutschland","datePublished":"2017-11-10T08:37:21+00:00","dateModified":"2024-10-26T15:08:09+00:00","mainEntityOfPage":{"@id":"https:\/\/twincapfirst.ch\/de\/blog\/office-365-germany\/"},"wordCount":655,"publisher":{"@id":"https:\/\/twincapfirst.ch\/de\/#organization"},"image":{"@id":"https:\/\/twincapfirst.ch\/de\/blog\/office-365-germany\/#primaryimage"},"thumbnailUrl":"https:\/\/twincapfirst.ch\/wp-content\/uploads\/2024\/09\/GermanCloud.png","articleSection":["Blog-Eintrag","Office 365"],"inLanguage":"de"},{"@type":"WebPage","@id":"https:\/\/twincapfirst.ch\/de\/blog\/office-365-germany\/","url":"https:\/\/twincapfirst.ch\/de\/blog\/office-365-germany\/","name":"Office 365 Germany - Daten in Deutschland","isPartOf":{"@id":"https:\/\/twincapfirst.ch\/de\/#website"},"primaryImageOfPage":{"@id":"https:\/\/twincapfirst.ch\/de\/blog\/office-365-germany\/#primaryimage"},"image":{"@id":"https:\/\/twincapfirst.ch\/de\/blog\/office-365-germany\/#primaryimage"},"thumbnailUrl":"https:\/\/twincapfirst.ch\/wp-content\/uploads\/2024\/09\/GermanCloud.png","datePublished":"2017-11-10T08:37:21+00:00","dateModified":"2024-10-26T15:08:09+00:00","description":"Office 365 Germany - Notes from the Field - Migration von Office 365 in das deutsche Office 365 Rechenzentrum der Deutschen Telekom","breadcrumb":{"@id":"https:\/\/twincapfirst.ch\/de\/blog\/office-365-germany\/#breadcrumb"},"inLanguage":"de","potentialAction":[{"@type":"ReadAction","target":["https:\/\/twincapfirst.ch\/de\/blog\/office-365-germany\/"]}]},{"@type":"ImageObject","inLanguage":"de","@id":"https:\/\/twincapfirst.ch\/de\/blog\/office-365-germany\/#primaryimage","url":"https:\/\/twincapfirst.ch\/wp-content\/uploads\/2024\/09\/GermanCloud.png","contentUrl":"https:\/\/twincapfirst.ch\/wp-content\/uploads\/2024\/09\/GermanCloud.png","width":308,"height":164,"caption":"O365 Germany"},{"@type":"BreadcrumbList","@id":"https:\/\/twincapfirst.ch\/de\/blog\/office-365-germany\/#breadcrumb","itemListElement":[{"@type":"ListItem","position":1,"name":"Startseite","item":"https:\/\/twincapfirst.ch\/de\/"},{"@type":"ListItem","position":2,"name":"Office 365 Germany &#8211; Microsoft in Deutschland"}]},{"@type":"WebSite","@id":"https:\/\/twincapfirst.ch\/de\/#website","url":"https:\/\/twincapfirst.ch\/de\/","name":"TwinCap First AG","description":"","publisher":{"@id":"https:\/\/twincapfirst.ch\/de\/#organization"},"potentialAction":[{"@type":"SearchAction","target":{"@type":"EntryPoint","urlTemplate":"https:\/\/twincapfirst.ch\/de\/?s={search_term_string}"},"query-input":{"@type":"PropertyValueSpecification","valueRequired":true,"valueName":"search_term_string"}}],"inLanguage":"de"},{"@type":"Organization","@id":"https:\/\/twincapfirst.ch\/de\/#organization","name":"TwinCap First AG","url":"https:\/\/twincapfirst.ch\/de\/","logo":{"@type":"ImageObject","inLanguage":"de","@id":"https:\/\/twincapfirst.ch\/de\/#\/schema\/logo\/image\/","url":"https:\/\/twincapfirst.ch\/wp-content\/uploads\/2024\/08\/TCF_Logo.png","contentUrl":"https:\/\/twincapfirst.ch\/wp-content\/uploads\/2024\/08\/TCF_Logo.png","width":1510,"height":440,"caption":"TwinCap First AG"},"image":{"@id":"https:\/\/twincapfirst.ch\/de\/#\/schema\/logo\/image\/"},"sameAs":["https:\/\/www.facebook.com\/twincapfirst\/","https:\/\/www.linkedin.com\/company\/twincap-first-ag\/"]},{"@type":"Person","@id":"https:\/\/twincapfirst.ch\/de\/#\/schema\/person\/60735053069b17573cfd7801638aef33","name":"christian.gfeller@twincapfirst.ch","image":{"@type":"ImageObject","inLanguage":"de","@id":"https:\/\/secure.gravatar.com\/avatar\/a85475ee98df4e052b1d93c44e82fd3eb465f0e0fe40923fafbd331c354a4021?s=96&d=mm&r=g","url":"https:\/\/secure.gravatar.com\/avatar\/a85475ee98df4e052b1d93c44e82fd3eb465f0e0fe40923fafbd331c354a4021?s=96&d=mm&r=g","contentUrl":"https:\/\/secure.gravatar.com\/avatar\/a85475ee98df4e052b1d93c44e82fd3eb465f0e0fe40923fafbd331c354a4021?s=96&d=mm&r=g","caption":"christian.gfeller@twincapfirst.ch"}}]}},"_links":{"self":[{"href":"https:\/\/twincapfirst.ch\/de\/wp-json\/wp\/v2\/posts\/45589","targetHints":{"allow":["GET"]}}],"collection":[{"href":"https:\/\/twincapfirst.ch\/de\/wp-json\/wp\/v2\/posts"}],"about":[{"href":"https:\/\/twincapfirst.ch\/de\/wp-json\/wp\/v2\/types\/post"}],"author":[{"embeddable":true,"href":"https:\/\/twincapfirst.ch\/de\/wp-json\/wp\/v2\/users\/4"}],"replies":[{"embeddable":true,"href":"https:\/\/twincapfirst.ch\/de\/wp-json\/wp\/v2\/comments?post=45589"}],"version-history":[{"count":5,"href":"https:\/\/twincapfirst.ch\/de\/wp-json\/wp\/v2\/posts\/45589\/revisions"}],"predecessor-version":[{"id":46675,"href":"https:\/\/twincapfirst.ch\/de\/wp-json\/wp\/v2\/posts\/45589\/revisions\/46675"}],"wp:featuredmedia":[{"embeddable":true,"href":"https:\/\/twincapfirst.ch\/de\/wp-json\/wp\/v2\/media\/43520"}],"wp:attachment":[{"href":"https:\/\/twincapfirst.ch\/de\/wp-json\/wp\/v2\/media?parent=45589"}],"wp:term":[{"taxonomy":"category","embeddable":true,"href":"https:\/\/twincapfirst.ch\/de\/wp-json\/wp\/v2\/categories?post=45589"},{"taxonomy":"post_tag","embeddable":true,"href":"https:\/\/twincapfirst.ch\/de\/wp-json\/wp\/v2\/tags?post=45589"},{"taxonomy":"service-tag","embeddable":true,"href":"https:\/\/twincapfirst.ch\/de\/wp-json\/wp\/v2\/service-tag?post=45589"}],"curies":[{"name":"wp","href":"https:\/\/api.w.org\/{rel}","templated":true}]}}