{"id":45522,"date":"2020-11-25T10:50:59","date_gmt":"2020-11-25T09:50:59","guid":{"rendered":"https:\/\/twincapfirst.ch\/blog\/ferienverwaltung-mit-powerapps\/"},"modified":"2024-10-19T11:02:28","modified_gmt":"2024-10-19T09:02:28","slug":"ferienverwaltung-mit-powerapps","status":"publish","type":"post","link":"https:\/\/twincapfirst.ch\/de\/blog\/ferienverwaltung-mit-powerapps\/","title":{"rendered":"Ferienverwaltung mit Powerapps"},"content":{"rendered":"\n<h2 class=\"wp-block-heading\" id=\"h-ferienverwaltung-mit-powerapps\">Ferienverwaltung mit Powerapps<\/h2>\n\n\n\n<p>Ferienverwaltung mit Powerapps: Oftmals werden Ferien oder allgemeine Abwesenheiten schriftlich per E-Mail beantragt. Auch gibt es durchaus noch Antragsformulare auf Papier, davon wollen wir gar nicht mehr reden. Dabei kommt es vor, dass Anfragen glatt vergessen gehen oder nirgends notiert werden. Dies kann zu sehr unangenehmen Situationen f\u00fchren.<\/p>\n\n\n\n<p>Mit Hilfe von PowerApps zeigen wir dir, wie man, zum Beispiel, eine Ferienverwaltung mit Powerapps nutzt. Sie hat einen einfachen Aufbau und simple <a href=\"https:\/\/twincapfirst.ch\/de\/blog\/microsoft-flow-wird-zu-power-automate\/\">Workflows<\/a>, die den Antragsprozess f\u00fcr verschiedene Abwesenheitstypen erm\u00f6glicht. Die App eignet sich f\u00fcr KMUs wie auch f\u00fcr gr\u00f6ssere Unternehmen. Im Wesen macht man dar\u00fcber die Verwaltung und Planung von Abwesenheiten.<\/p>\n\n\n\n<h2 class=\"wp-block-heading\" id=\"h-der-simple-einstieg\"><strong>Der simple Einstieg<\/strong><\/h2>\n\n\n\n<p>Der Login Prozess erfordert keine l\u00e4stigen Eingaben von Benutzer\/Passwort, sondern man nutzt das Office Portal Login via <a href=\"https:\/\/de.wikipedia.org\/wiki\/Single_Sign-on\" target=\"_blank\" rel=\"noopener noreferrer\">SSO<\/a>. Zudem ist es auch m\u00f6glich, die App in Microsoft Teams zu nutzen, was ein paar Arbeits-Schritte (Klicks) einspart.<\/p>\n\n\n\n<p>Die Rollenverteilung zwischen Mitarbeiter und Chef ist einfach und unkompliziert. \u00dcber ein Benutzer-Attribut wird die Rolle in der Azure AD hinterlegt. Dabei wird bei den Mitarbeitern das \u00abManager\u00bb Attribut f\u00fcr den jeweiligen Vorgesetzten definiert. Somit erkennt die App den Vorgesetzten automatisch in der App.<\/p>\n\n\n\n<figure class=\"wp-block-image\"><img decoding=\"async\" src=\"https:\/\/twincapfirst.ch\/wp-content\/uploads\/2024\/09\/Bild1-1-3.webp\" alt=\"Ferienverwaltung mit Powerapps\"\/><\/figure>\n\n\n\n<p><\/p>\n\n\n\n<h2 class=\"wp-block-heading\" id=\"h-ferienantrag\"><strong>Ferienantrag<\/strong><\/h2>\n\n\n\n<p>Das Aufrufen des Antragsformulars erfolgt direkt auf der Landing Page im Employee Modus. Im oberen Bereich w\u00e4hlt man einen Abwesenheitstyp aus. Dann das Datum und zum Schluss noch ein paar Worte an den Empf\u00e4nger. Neben dem Datumsw\u00e4hlfeld (Date Picker) erscheint der Saldo (Balance), welcher anzeigt, wie viele Tage f\u00fcr den jeweiligen Abwesenheitstyp noch \u00fcbrigbleiben. Die Typen k\u00f6nnen individuell nach Wunsch und Bedarf angepasst werden. Ist das Formular ausgef\u00fcllt, wird es via Submit Button abgeschickt.<\/p>\n\n\n\n<figure class=\"wp-block-image\"><img decoding=\"async\" src=\"https:\/\/twincapfirst.ch\/wp-content\/uploads\/2024\/09\/Bild2-1-2.webp\" alt=\"Ferienverwaltung mit Powerapps\"\/><\/figure>\n\n\n\n<p><\/p>\n\n\n\n<h2 class=\"wp-block-heading\" id=\"h-approve-or-decline\"><strong>Approve or decline<\/strong><\/h2>\n\n\n\n<p>In der Managerumgebung werden s\u00e4mtliche Antr\u00e4ge auf der Startseite publiziert. Und wenn es mal un\u00fcbersichtlich werden sollte, filtert man diese nach Status. An dieser Stelle werden gleichzeitig auch die ausstehenden Antr\u00e4ge genehmigt oder abgelehnt. Falls sich die Tage mit bereits genehmigte Ferien von anderen Mitarbeitern \u00fcberschneiden sollten, wird man darauf hingewiesen. Zum Abschluss kann der Chef mit einem integriertem Mail Workflow die entsprechende Entscheidung noch begr\u00fcnden. Diese landet dann im Outlook Postfach des jeweiligen Antragsstellers.<\/p>\n\n\n\n<figure class=\"wp-block-image\"><img decoding=\"async\" src=\"https:\/\/twincapfirst.ch\/wp-content\/uploads\/2024\/09\/Bild3-1-2-1.webp\" alt=\"Ferienverwaltung mit Powerapps\"\/><\/figure>\n\n\n\n<p><\/p>\n\n\n\n<h2 class=\"wp-block-heading\" id=\"h-datenhaltung\"><strong>Datenhaltung<\/strong><\/h2>\n\n\n\n<p>Die Mini-Datenbank, basierend auf einem Excel File, wird im OneDrive betrieben. In einer \u00fcberschaubaren Zahl an Tabellen kann man die Antr\u00e4ge oder Resttage f\u00fcr den jeweiligen User ganz simpel verwalten. Zudem werden Feiertage in der Datei abgelegt, welche in der Applikation unter Company Holidays erscheinen. Bei Bedarf kann auch eine Art Kalender in das App eingebaut werden. Dabei wird ersichtlich, welche Mitarbeiter zu welchem Zeitpunkt abwesend sind. Bereitgestellt wird diese App auf Basis eines lizenzierten Users, welcher mit der Sharing Funktion die Nutzungsrechte organisationsweit verteilen kann.<\/p>\n\n\n\n<p>Die App ist rudiment\u00e4r und bietet viele M\u00f6glichkeiten die Funktionen zu erweitern. Wir stehen gerne f\u00fcr Fragen oder Anregungen zur Verf\u00fcgung.<\/p>\n","protected":false},"excerpt":{"rendered":"<p>Ferienverwaltung mit Powerapps Ferienverwaltung mit Powerapps: Oftmals werden Ferien oder allgemeine Abwesenheiten schriftlich per E-Mail beantragt. Auch gibt es durchaus noch Antragsformulare auf Papier, davon wollen wir gar nicht mehr reden. Dabei kommt es vor, dass Anfragen glatt vergessen gehen oder nirgends notiert werden. Dies kann zu sehr unangenehmen Situationen f\u00fchren. Mit Hilfe von PowerApps [&hellip;]<\/p>\n","protected":false},"author":2,"featured_media":42627,"comment_status":"closed","ping_status":"closed","sticky":false,"template":"","format":"standard","meta":{"_acf_changed":false,"footnotes":""},"categories":[2772,2787,2774,2794,2777,2795],"tags":[2921,2926,2927,2851,2928],"service-tag":[39],"class_list":["post-45522","post","type-post","status-publish","format-standard","has-post-thumbnail","hentry","category-100-cloud-de","category-app-de","category-blog-eintrag-de","category-microsoft-de","category-microsoft-365-de","category-news-de","tag-app-de","tag-ferien-app-de","tag-mic-de","tag-powerapps-de","tag-powerautomate-de","service-tag-m365"],"acf":[],"yoast_head":"<!-- This site is optimized with the Yoast SEO Premium plugin v27.5 (Yoast SEO v27.5) - https:\/\/yoast.com\/product\/yoast-seo-premium-wordpress\/ -->\n<title>Ferienverwaltung mit Powerapps Blog<\/title>\n<meta name=\"description\" content=\"Ferienverwaltung mit Powerapps - hier zeigen wir dir wie man mit Microsoft PowerApps und Office 365 eine einfach Ferienverwaltungs App baut\" \/>\n<meta name=\"robots\" content=\"index, follow, max-snippet:-1, max-image-preview:large, max-video-preview:-1\" \/>\n<link rel=\"canonical\" href=\"https:\/\/twincapfirst.ch\/de\/blog\/ferienverwaltung-mit-powerapps\/\" \/>\n<meta property=\"og:locale\" content=\"de_DE\" \/>\n<meta property=\"og:type\" content=\"article\" \/>\n<meta property=\"og:title\" content=\"Ferienverwaltung mit Powerapps\" \/>\n<meta property=\"og:description\" content=\"Ferienverwaltung mit Powerapps - hier zeigen wir dir wie man mit Microsoft PowerApps und Office 365 eine einfach Ferienverwaltungs App baut\" \/>\n<meta property=\"og:url\" content=\"https:\/\/twincapfirst.ch\/de\/blog\/ferienverwaltung-mit-powerapps\/\" \/>\n<meta property=\"og:site_name\" content=\"TwinCap First AG\" \/>\n<meta property=\"article:publisher\" content=\"https:\/\/www.facebook.com\/twincapfirst\/\" \/>\n<meta property=\"article:published_time\" content=\"2020-11-25T09:50:59+00:00\" \/>\n<meta property=\"article:modified_time\" content=\"2024-10-19T09:02:28+00:00\" \/>\n<meta property=\"og:image\" content=\"https:\/\/twincapfirst.ch\/wp-content\/uploads\/2024\/09\/Bild2-1-300x300-1.png\" \/>\n\t<meta property=\"og:image:width\" content=\"300\" \/>\n\t<meta property=\"og:image:height\" content=\"300\" \/>\n\t<meta property=\"og:image:type\" content=\"image\/png\" \/>\n<meta name=\"author\" content=\"christoph.schoch@twincapfirst.ch\" \/>\n<meta name=\"twitter:card\" content=\"summary_large_image\" \/>\n<meta name=\"twitter:label1\" content=\"Verfasst von\" \/>\n\t<meta name=\"twitter:data1\" content=\"christoph.schoch@twincapfirst.ch\" \/>\n\t<meta name=\"twitter:label2\" content=\"Gesch\u00e4tzte Lesezeit\" \/>\n\t<meta name=\"twitter:data2\" content=\"4\u00a0Minuten\" \/>\n<script type=\"application\/ld+json\" class=\"yoast-schema-graph\">{\"@context\":\"https:\\\/\\\/schema.org\",\"@graph\":[{\"@type\":\"Article\",\"@id\":\"https:\\\/\\\/twincapfirst.ch\\\/de\\\/blog\\\/ferienverwaltung-mit-powerapps\\\/#article\",\"isPartOf\":{\"@id\":\"https:\\\/\\\/twincapfirst.ch\\\/de\\\/blog\\\/ferienverwaltung-mit-powerapps\\\/\"},\"author\":{\"name\":\"christoph.schoch@twincapfirst.ch\",\"@id\":\"https:\\\/\\\/twincapfirst.ch\\\/de\\\/#\\\/schema\\\/person\\\/e209fc362446205692717b0aef040efd\"},\"headline\":\"Ferienverwaltung mit Powerapps\",\"datePublished\":\"2020-11-25T09:50:59+00:00\",\"dateModified\":\"2024-10-19T09:02:28+00:00\",\"mainEntityOfPage\":{\"@id\":\"https:\\\/\\\/twincapfirst.ch\\\/de\\\/blog\\\/ferienverwaltung-mit-powerapps\\\/\"},\"wordCount\":479,\"publisher\":{\"@id\":\"https:\\\/\\\/twincapfirst.ch\\\/de\\\/#organization\"},\"image\":{\"@id\":\"https:\\\/\\\/twincapfirst.ch\\\/de\\\/blog\\\/ferienverwaltung-mit-powerapps\\\/#primaryimage\"},\"thumbnailUrl\":\"https:\\\/\\\/twincapfirst.ch\\\/wp-content\\\/uploads\\\/2024\\\/09\\\/Bild2-1-300x300-1.png\",\"keywords\":[\"APP\",\"Ferien App\",\"MIC\",\"PowerApps\",\"PowerAutomate\"],\"articleSection\":[\"100% Cloud\",\"App\",\"Blog-Eintrag\",\"Microsoft\",\"Microsoft 365\",\"News\"],\"inLanguage\":\"de\"},{\"@type\":\"WebPage\",\"@id\":\"https:\\\/\\\/twincapfirst.ch\\\/de\\\/blog\\\/ferienverwaltung-mit-powerapps\\\/\",\"url\":\"https:\\\/\\\/twincapfirst.ch\\\/de\\\/blog\\\/ferienverwaltung-mit-powerapps\\\/\",\"name\":\"Ferienverwaltung mit Powerapps Blog\",\"isPartOf\":{\"@id\":\"https:\\\/\\\/twincapfirst.ch\\\/de\\\/#website\"},\"primaryImageOfPage\":{\"@id\":\"https:\\\/\\\/twincapfirst.ch\\\/de\\\/blog\\\/ferienverwaltung-mit-powerapps\\\/#primaryimage\"},\"image\":{\"@id\":\"https:\\\/\\\/twincapfirst.ch\\\/de\\\/blog\\\/ferienverwaltung-mit-powerapps\\\/#primaryimage\"},\"thumbnailUrl\":\"https:\\\/\\\/twincapfirst.ch\\\/wp-content\\\/uploads\\\/2024\\\/09\\\/Bild2-1-300x300-1.png\",\"datePublished\":\"2020-11-25T09:50:59+00:00\",\"dateModified\":\"2024-10-19T09:02:28+00:00\",\"description\":\"Ferienverwaltung mit Powerapps - hier zeigen wir dir wie man mit Microsoft PowerApps und Office 365 eine einfach Ferienverwaltungs App baut\",\"breadcrumb\":{\"@id\":\"https:\\\/\\\/twincapfirst.ch\\\/de\\\/blog\\\/ferienverwaltung-mit-powerapps\\\/#breadcrumb\"},\"inLanguage\":\"de\",\"potentialAction\":[{\"@type\":\"ReadAction\",\"target\":[\"https:\\\/\\\/twincapfirst.ch\\\/de\\\/blog\\\/ferienverwaltung-mit-powerapps\\\/\"]}]},{\"@type\":\"ImageObject\",\"inLanguage\":\"de\",\"@id\":\"https:\\\/\\\/twincapfirst.ch\\\/de\\\/blog\\\/ferienverwaltung-mit-powerapps\\\/#primaryimage\",\"url\":\"https:\\\/\\\/twincapfirst.ch\\\/wp-content\\\/uploads\\\/2024\\\/09\\\/Bild2-1-300x300-1.png\",\"contentUrl\":\"https:\\\/\\\/twincapfirst.ch\\\/wp-content\\\/uploads\\\/2024\\\/09\\\/Bild2-1-300x300-1.png\",\"width\":300,\"height\":300},{\"@type\":\"BreadcrumbList\",\"@id\":\"https:\\\/\\\/twincapfirst.ch\\\/de\\\/blog\\\/ferienverwaltung-mit-powerapps\\\/#breadcrumb\",\"itemListElement\":[{\"@type\":\"ListItem\",\"position\":1,\"name\":\"Startseite\",\"item\":\"https:\\\/\\\/twincapfirst.ch\\\/de\\\/\"},{\"@type\":\"ListItem\",\"position\":2,\"name\":\"Ferienverwaltung mit Powerapps\"}]},{\"@type\":\"WebSite\",\"@id\":\"https:\\\/\\\/twincapfirst.ch\\\/de\\\/#website\",\"url\":\"https:\\\/\\\/twincapfirst.ch\\\/de\\\/\",\"name\":\"TwinCap First AG\",\"description\":\"\",\"publisher\":{\"@id\":\"https:\\\/\\\/twincapfirst.ch\\\/de\\\/#organization\"},\"potentialAction\":[{\"@type\":\"SearchAction\",\"target\":{\"@type\":\"EntryPoint\",\"urlTemplate\":\"https:\\\/\\\/twincapfirst.ch\\\/de\\\/?s={search_term_string}\"},\"query-input\":{\"@type\":\"PropertyValueSpecification\",\"valueRequired\":true,\"valueName\":\"search_term_string\"}}],\"inLanguage\":\"de\"},{\"@type\":\"Organization\",\"@id\":\"https:\\\/\\\/twincapfirst.ch\\\/de\\\/#organization\",\"name\":\"TwinCap First AG\",\"url\":\"https:\\\/\\\/twincapfirst.ch\\\/de\\\/\",\"logo\":{\"@type\":\"ImageObject\",\"inLanguage\":\"de\",\"@id\":\"https:\\\/\\\/twincapfirst.ch\\\/de\\\/#\\\/schema\\\/logo\\\/image\\\/\",\"url\":\"https:\\\/\\\/twincapfirst.ch\\\/wp-content\\\/uploads\\\/2024\\\/08\\\/TCF_Logo.png\",\"contentUrl\":\"https:\\\/\\\/twincapfirst.ch\\\/wp-content\\\/uploads\\\/2024\\\/08\\\/TCF_Logo.png\",\"width\":1510,\"height\":440,\"caption\":\"TwinCap First AG\"},\"image\":{\"@id\":\"https:\\\/\\\/twincapfirst.ch\\\/de\\\/#\\\/schema\\\/logo\\\/image\\\/\"},\"sameAs\":[\"https:\\\/\\\/www.facebook.com\\\/twincapfirst\\\/\",\"https:\\\/\\\/www.linkedin.com\\\/company\\\/twincap-first-ag\\\/\"]},{\"@type\":\"Person\",\"@id\":\"https:\\\/\\\/twincapfirst.ch\\\/de\\\/#\\\/schema\\\/person\\\/e209fc362446205692717b0aef040efd\",\"name\":\"christoph.schoch@twincapfirst.ch\",\"image\":{\"@type\":\"ImageObject\",\"inLanguage\":\"de\",\"@id\":\"https:\\\/\\\/secure.gravatar.com\\\/avatar\\\/a13233c9248b2b6475500e5da4af765d0ed21f11d36a9038d5b3be256ddda8af?s=96&d=mm&r=g\",\"url\":\"https:\\\/\\\/secure.gravatar.com\\\/avatar\\\/a13233c9248b2b6475500e5da4af765d0ed21f11d36a9038d5b3be256ddda8af?s=96&d=mm&r=g\",\"contentUrl\":\"https:\\\/\\\/secure.gravatar.com\\\/avatar\\\/a13233c9248b2b6475500e5da4af765d0ed21f11d36a9038d5b3be256ddda8af?s=96&d=mm&r=g\",\"caption\":\"christoph.schoch@twincapfirst.ch\"}}]}<\/script>\n<!-- \/ Yoast SEO Premium plugin. -->","yoast_head_json":{"title":"Ferienverwaltung mit Powerapps Blog","description":"Ferienverwaltung mit Powerapps - hier zeigen wir dir wie man mit Microsoft PowerApps und Office 365 eine einfach Ferienverwaltungs App baut","robots":{"index":"index","follow":"follow","max-snippet":"max-snippet:-1","max-image-preview":"max-image-preview:large","max-video-preview":"max-video-preview:-1"},"canonical":"https:\/\/twincapfirst.ch\/de\/blog\/ferienverwaltung-mit-powerapps\/","og_locale":"de_DE","og_type":"article","og_title":"Ferienverwaltung mit Powerapps","og_description":"Ferienverwaltung mit Powerapps - hier zeigen wir dir wie man mit Microsoft PowerApps und Office 365 eine einfach Ferienverwaltungs App baut","og_url":"https:\/\/twincapfirst.ch\/de\/blog\/ferienverwaltung-mit-powerapps\/","og_site_name":"TwinCap First AG","article_publisher":"https:\/\/www.facebook.com\/twincapfirst\/","article_published_time":"2020-11-25T09:50:59+00:00","article_modified_time":"2024-10-19T09:02:28+00:00","og_image":[{"width":300,"height":300,"url":"https:\/\/twincapfirst.ch\/wp-content\/uploads\/2024\/09\/Bild2-1-300x300-1.png","type":"image\/png"}],"author":"christoph.schoch@twincapfirst.ch","twitter_card":"summary_large_image","twitter_misc":{"Verfasst von":"christoph.schoch@twincapfirst.ch","Gesch\u00e4tzte Lesezeit":"4\u00a0Minuten"},"schema":{"@context":"https:\/\/schema.org","@graph":[{"@type":"Article","@id":"https:\/\/twincapfirst.ch\/de\/blog\/ferienverwaltung-mit-powerapps\/#article","isPartOf":{"@id":"https:\/\/twincapfirst.ch\/de\/blog\/ferienverwaltung-mit-powerapps\/"},"author":{"name":"christoph.schoch@twincapfirst.ch","@id":"https:\/\/twincapfirst.ch\/de\/#\/schema\/person\/e209fc362446205692717b0aef040efd"},"headline":"Ferienverwaltung mit Powerapps","datePublished":"2020-11-25T09:50:59+00:00","dateModified":"2024-10-19T09:02:28+00:00","mainEntityOfPage":{"@id":"https:\/\/twincapfirst.ch\/de\/blog\/ferienverwaltung-mit-powerapps\/"},"wordCount":479,"publisher":{"@id":"https:\/\/twincapfirst.ch\/de\/#organization"},"image":{"@id":"https:\/\/twincapfirst.ch\/de\/blog\/ferienverwaltung-mit-powerapps\/#primaryimage"},"thumbnailUrl":"https:\/\/twincapfirst.ch\/wp-content\/uploads\/2024\/09\/Bild2-1-300x300-1.png","keywords":["APP","Ferien App","MIC","PowerApps","PowerAutomate"],"articleSection":["100% Cloud","App","Blog-Eintrag","Microsoft","Microsoft 365","News"],"inLanguage":"de"},{"@type":"WebPage","@id":"https:\/\/twincapfirst.ch\/de\/blog\/ferienverwaltung-mit-powerapps\/","url":"https:\/\/twincapfirst.ch\/de\/blog\/ferienverwaltung-mit-powerapps\/","name":"Ferienverwaltung mit Powerapps Blog","isPartOf":{"@id":"https:\/\/twincapfirst.ch\/de\/#website"},"primaryImageOfPage":{"@id":"https:\/\/twincapfirst.ch\/de\/blog\/ferienverwaltung-mit-powerapps\/#primaryimage"},"image":{"@id":"https:\/\/twincapfirst.ch\/de\/blog\/ferienverwaltung-mit-powerapps\/#primaryimage"},"thumbnailUrl":"https:\/\/twincapfirst.ch\/wp-content\/uploads\/2024\/09\/Bild2-1-300x300-1.png","datePublished":"2020-11-25T09:50:59+00:00","dateModified":"2024-10-19T09:02:28+00:00","description":"Ferienverwaltung mit Powerapps - hier zeigen wir dir wie man mit Microsoft PowerApps und Office 365 eine einfach Ferienverwaltungs App baut","breadcrumb":{"@id":"https:\/\/twincapfirst.ch\/de\/blog\/ferienverwaltung-mit-powerapps\/#breadcrumb"},"inLanguage":"de","potentialAction":[{"@type":"ReadAction","target":["https:\/\/twincapfirst.ch\/de\/blog\/ferienverwaltung-mit-powerapps\/"]}]},{"@type":"ImageObject","inLanguage":"de","@id":"https:\/\/twincapfirst.ch\/de\/blog\/ferienverwaltung-mit-powerapps\/#primaryimage","url":"https:\/\/twincapfirst.ch\/wp-content\/uploads\/2024\/09\/Bild2-1-300x300-1.png","contentUrl":"https:\/\/twincapfirst.ch\/wp-content\/uploads\/2024\/09\/Bild2-1-300x300-1.png","width":300,"height":300},{"@type":"BreadcrumbList","@id":"https:\/\/twincapfirst.ch\/de\/blog\/ferienverwaltung-mit-powerapps\/#breadcrumb","itemListElement":[{"@type":"ListItem","position":1,"name":"Startseite","item":"https:\/\/twincapfirst.ch\/de\/"},{"@type":"ListItem","position":2,"name":"Ferienverwaltung mit Powerapps"}]},{"@type":"WebSite","@id":"https:\/\/twincapfirst.ch\/de\/#website","url":"https:\/\/twincapfirst.ch\/de\/","name":"TwinCap First AG","description":"","publisher":{"@id":"https:\/\/twincapfirst.ch\/de\/#organization"},"potentialAction":[{"@type":"SearchAction","target":{"@type":"EntryPoint","urlTemplate":"https:\/\/twincapfirst.ch\/de\/?s={search_term_string}"},"query-input":{"@type":"PropertyValueSpecification","valueRequired":true,"valueName":"search_term_string"}}],"inLanguage":"de"},{"@type":"Organization","@id":"https:\/\/twincapfirst.ch\/de\/#organization","name":"TwinCap First AG","url":"https:\/\/twincapfirst.ch\/de\/","logo":{"@type":"ImageObject","inLanguage":"de","@id":"https:\/\/twincapfirst.ch\/de\/#\/schema\/logo\/image\/","url":"https:\/\/twincapfirst.ch\/wp-content\/uploads\/2024\/08\/TCF_Logo.png","contentUrl":"https:\/\/twincapfirst.ch\/wp-content\/uploads\/2024\/08\/TCF_Logo.png","width":1510,"height":440,"caption":"TwinCap First AG"},"image":{"@id":"https:\/\/twincapfirst.ch\/de\/#\/schema\/logo\/image\/"},"sameAs":["https:\/\/www.facebook.com\/twincapfirst\/","https:\/\/www.linkedin.com\/company\/twincap-first-ag\/"]},{"@type":"Person","@id":"https:\/\/twincapfirst.ch\/de\/#\/schema\/person\/e209fc362446205692717b0aef040efd","name":"christoph.schoch@twincapfirst.ch","image":{"@type":"ImageObject","inLanguage":"de","@id":"https:\/\/secure.gravatar.com\/avatar\/a13233c9248b2b6475500e5da4af765d0ed21f11d36a9038d5b3be256ddda8af?s=96&d=mm&r=g","url":"https:\/\/secure.gravatar.com\/avatar\/a13233c9248b2b6475500e5da4af765d0ed21f11d36a9038d5b3be256ddda8af?s=96&d=mm&r=g","contentUrl":"https:\/\/secure.gravatar.com\/avatar\/a13233c9248b2b6475500e5da4af765d0ed21f11d36a9038d5b3be256ddda8af?s=96&d=mm&r=g","caption":"christoph.schoch@twincapfirst.ch"}}]}},"_links":{"self":[{"href":"https:\/\/twincapfirst.ch\/de\/wp-json\/wp\/v2\/posts\/45522","targetHints":{"allow":["GET"]}}],"collection":[{"href":"https:\/\/twincapfirst.ch\/de\/wp-json\/wp\/v2\/posts"}],"about":[{"href":"https:\/\/twincapfirst.ch\/de\/wp-json\/wp\/v2\/types\/post"}],"author":[{"embeddable":true,"href":"https:\/\/twincapfirst.ch\/de\/wp-json\/wp\/v2\/users\/2"}],"replies":[{"embeddable":true,"href":"https:\/\/twincapfirst.ch\/de\/wp-json\/wp\/v2\/comments?post=45522"}],"version-history":[{"count":0,"href":"https:\/\/twincapfirst.ch\/de\/wp-json\/wp\/v2\/posts\/45522\/revisions"}],"wp:featuredmedia":[{"embeddable":true,"href":"https:\/\/twincapfirst.ch\/de\/wp-json\/wp\/v2\/media\/42627"}],"wp:attachment":[{"href":"https:\/\/twincapfirst.ch\/de\/wp-json\/wp\/v2\/media?parent=45522"}],"wp:term":[{"taxonomy":"category","embeddable":true,"href":"https:\/\/twincapfirst.ch\/de\/wp-json\/wp\/v2\/categories?post=45522"},{"taxonomy":"post_tag","embeddable":true,"href":"https:\/\/twincapfirst.ch\/de\/wp-json\/wp\/v2\/tags?post=45522"},{"taxonomy":"service-tag","embeddable":true,"href":"https:\/\/twincapfirst.ch\/de\/wp-json\/wp\/v2\/service-tag?post=45522"}],"curies":[{"name":"wp","href":"https:\/\/api.w.org\/{rel}","templated":true}]}}