{"id":45482,"date":"2022-04-19T15:55:55","date_gmt":"2022-04-19T13:55:55","guid":{"rendered":"https:\/\/twincapfirst.ch\/blog\/microsoft-365-ngo-preisaenderungen\/"},"modified":"2024-10-18T18:36:44","modified_gmt":"2024-10-18T16:36:44","slug":"microsoft-365-ngo-preisaenderungen","status":"publish","type":"post","link":"https:\/\/twincapfirst.ch\/de\/blog\/microsoft-365-ngo-preisaenderungen\/","title":{"rendered":"Microsoft 365 NGO Preis\u00e4nderungen"},"content":{"rendered":"\n<h2 class=\"wp-block-heading\" id=\"h-microsoft-365-ngo-preisanderungen\">Microsoft 365 NGO Preis\u00e4nderungen<\/h2>\n\n\n\n<figure class=\"wp-block-image\"><img decoding=\"async\" src=\"https:\/\/twincapfirst.ch\/wp-content\/uploads\/2024\/09\/Bild1-2-300x213.jpg\" alt=\"Microsoft 365 NGO Preis\u00e4nderungen\"\/><\/figure>\n\n\n\n<p><\/p>\n\n\n\n<p>Microsoft 365 NGO Preis\u00e4nderungen: Microsoft hat letzte Woche \u00c4nderungen an den Microsoft 365- und Office 365-Pl\u00e4nen f\u00fcr gemeinn\u00fctzige Organisationen (abgek\u00fcrzt <a href=\"https:\/\/en.wikipedia.org\/wiki\/Non-governmental_organization\">NGO<\/a>) angek\u00fcndigt. Diese Anpassungen erfolgen preislich per <strong>1. September 2022<\/strong> auf allen verf\u00fcgbaren Distributionskan\u00e4len.<\/p>\n\n\n\n<p>Wichtig ist, dass die \u00c4nderungen keine Auswirkungen auf gemeinn\u00fctzige Angebote, respektive die Inhalte haben, welche als Spende f\u00fcr NGO verf\u00fcgbar sind. Dies umfasst folgende Benefits, welche kostenfrei von Microsoft zur Verf\u00fcgung gestellt werden:<\/p>\n\n\n\n<ul class=\"wp-block-list\">\n<li>10 Lizenzen f\u00fcr Microsoft 365 Business Premium<\/li>\n\n\n\n<li>300 Lizenzen f\u00fcr Microsoft 365 Business Basic<\/li>\n<\/ul>\n\n\n\n<p>Die folgenden Produkte werden durchschnittlich um einen US Dollar verteuert:<\/p>\n\n\n\n<ol class=\"wp-block-list\">\n<li>Office 365 E1<\/li>\n\n\n\n<li>Office 365 E3<\/li>\n\n\n\n<li>Office 365 E5<\/li>\n\n\n\n<li>Microsoft 365 E3<\/li>\n\n\n\n<li>Microsoft 365 Business Premium<\/li>\n<\/ol>\n\n\n\n<p>Die genauen Preiserh\u00f6hungen in Franken und Euro sind leider noch nicht bekannt. Da sich der USD\/CHF um die 0.95 CHF bewegt, gehen wir von vergleichbaren USD- und CHF und\/oder EURO Preisen aus. Diese Erh\u00f6hungen gelten weltweit mit lokalen Marktanpassungen f\u00fcr bestimmte Regionen.<\/p>\n\n\n\n<p>Die Preise f\u00fcr Microsoft 365 E5, Microsoft Business Standard und die Frontline-SKUs \u00e4ndern sich nicht.<\/p>\n\n\n\n<p>Zus\u00e4tzlich zu diesen bevorstehenden Preis\u00e4nderungen hat Microsoft auch angek\u00fcndigt, dass sie seit Anfang dieses Monats keine NGO Zusch\u00fcsse mehr f\u00fcr ihre On-Prem-Software gew\u00e4hren. Jedoch gew\u00e4hrt Microsoft gemeinn\u00fctzigen Organisationen weiterhin Rabatte von bis zu 75 % auf viele Microsoft 365-Produkte und 3\u2019500 USD j\u00e4hrliches Azure Guthaben.<\/p>\n\n\n\n<p>Wenn Sie Fragen oder Bedenken zu dieser Ank\u00fcndigung haben, z\u00f6gern Sie bitte nicht, uns zu kontaktieren.<\/p>\n","protected":false},"excerpt":{"rendered":"<p>Microsoft 365 NGO Preis\u00e4nderungen Microsoft 365 NGO Preis\u00e4nderungen: Microsoft hat letzte Woche \u00c4nderungen an den Microsoft 365- und Office 365-Pl\u00e4nen f\u00fcr gemeinn\u00fctzige Organisationen (abgek\u00fcrzt NGO) angek\u00fcndigt. Diese Anpassungen erfolgen preislich per 1. September 2022 auf allen verf\u00fcgbaren Distributionskan\u00e4len. Wichtig ist, dass die \u00c4nderungen keine Auswirkungen auf gemeinn\u00fctzige Angebote, respektive die Inhalte haben, welche als Spende [&hellip;]<\/p>\n","protected":false},"author":2,"featured_media":43643,"comment_status":"closed","ping_status":"closed","sticky":false,"template":"","format":"standard","meta":{"_acf_changed":false,"footnotes":""},"categories":[2772,2793,2796,12],"tags":[],"service-tag":[39],"class_list":["post-45482","post","type-post","status-publish","format-standard","has-post-thumbnail","hentry","category-100-cloud-de","category-lizenzen-de","category-office-365-de","category-unkategorisiert","service-tag-m365"],"acf":[],"yoast_head":"<!-- This site is optimized with the Yoast SEO Premium plugin v27.5 (Yoast SEO v27.5) - https:\/\/yoast.com\/product\/yoast-seo-premium-wordpress\/ -->\n<title>Microsoft 365 NGO Preis\u00e4nderungen<\/title>\n<meta name=\"description\" content=\"Microsoft 365 NGO Preis\u00e4nderungen: Ab September 22 gelten neue Preise f\u00fcr Microsoft 365- &amp; Office 365-Pl\u00e4ne f\u00fcr gemeinn\u00fctzige Organisationen.\" \/>\n<meta name=\"robots\" content=\"index, follow, max-snippet:-1, max-image-preview:large, max-video-preview:-1\" \/>\n<link rel=\"canonical\" href=\"https:\/\/twincapfirst.ch\/de\/blog\/microsoft-365-ngo-preisaenderungen\/\" \/>\n<meta property=\"og:locale\" content=\"de_DE\" \/>\n<meta property=\"og:type\" content=\"article\" \/>\n<meta property=\"og:title\" content=\"Microsoft 365 NGO Preis\u00e4nderungen\" \/>\n<meta property=\"og:description\" content=\"Microsoft 365 NGO Preis\u00e4nderungen: Ab September 22 gelten neue Preise f\u00fcr Microsoft 365- &amp; Office 365-Pl\u00e4ne f\u00fcr gemeinn\u00fctzige Organisationen.\" \/>\n<meta property=\"og:url\" content=\"https:\/\/twincapfirst.ch\/de\/blog\/microsoft-365-ngo-preisaenderungen\/\" \/>\n<meta property=\"og:site_name\" content=\"TwinCap First AG\" \/>\n<meta property=\"article:publisher\" content=\"https:\/\/www.facebook.com\/twincapfirst\/\" \/>\n<meta property=\"article:published_time\" content=\"2022-04-19T13:55:55+00:00\" \/>\n<meta property=\"article:modified_time\" content=\"2024-10-18T16:36:44+00:00\" \/>\n<meta property=\"og:image\" content=\"https:\/\/twincapfirst.ch\/wp-content\/uploads\/2024\/09\/Logo-Microsoft-365.jpg\" \/>\n\t<meta property=\"og:image:width\" content=\"600\" \/>\n\t<meta property=\"og:image:height\" content=\"480\" \/>\n\t<meta property=\"og:image:type\" content=\"image\/jpeg\" \/>\n<meta name=\"author\" content=\"christoph.schoch@twincapfirst.ch\" \/>\n<meta name=\"twitter:card\" content=\"summary_large_image\" \/>\n<meta name=\"twitter:label1\" content=\"Verfasst von\" \/>\n\t<meta name=\"twitter:data1\" content=\"christoph.schoch@twincapfirst.ch\" \/>\n\t<meta name=\"twitter:label2\" content=\"Gesch\u00e4tzte Lesezeit\" \/>\n\t<meta name=\"twitter:data2\" content=\"2\u00a0Minuten\" \/>\n<script type=\"application\/ld+json\" class=\"yoast-schema-graph\">{\"@context\":\"https:\\\/\\\/schema.org\",\"@graph\":[{\"@type\":\"Article\",\"@id\":\"https:\\\/\\\/twincapfirst.ch\\\/de\\\/blog\\\/microsoft-365-ngo-preisaenderungen\\\/#article\",\"isPartOf\":{\"@id\":\"https:\\\/\\\/twincapfirst.ch\\\/de\\\/blog\\\/microsoft-365-ngo-preisaenderungen\\\/\"},\"author\":{\"name\":\"christoph.schoch@twincapfirst.ch\",\"@id\":\"https:\\\/\\\/twincapfirst.ch\\\/de\\\/#\\\/schema\\\/person\\\/e209fc362446205692717b0aef040efd\"},\"headline\":\"Microsoft 365 NGO Preis\u00e4nderungen\",\"datePublished\":\"2022-04-19T13:55:55+00:00\",\"dateModified\":\"2024-10-18T16:36:44+00:00\",\"mainEntityOfPage\":{\"@id\":\"https:\\\/\\\/twincapfirst.ch\\\/de\\\/blog\\\/microsoft-365-ngo-preisaenderungen\\\/\"},\"wordCount\":247,\"publisher\":{\"@id\":\"https:\\\/\\\/twincapfirst.ch\\\/de\\\/#organization\"},\"image\":{\"@id\":\"https:\\\/\\\/twincapfirst.ch\\\/de\\\/blog\\\/microsoft-365-ngo-preisaenderungen\\\/#primaryimage\"},\"thumbnailUrl\":\"https:\\\/\\\/twincapfirst.ch\\\/wp-content\\\/uploads\\\/2024\\\/09\\\/Logo-Microsoft-365.jpg\",\"articleSection\":[\"100% Cloud\",\"Lizenzen\",\"Office 365\",\"Unkategorisiert\"],\"inLanguage\":\"de\"},{\"@type\":\"WebPage\",\"@id\":\"https:\\\/\\\/twincapfirst.ch\\\/de\\\/blog\\\/microsoft-365-ngo-preisaenderungen\\\/\",\"url\":\"https:\\\/\\\/twincapfirst.ch\\\/de\\\/blog\\\/microsoft-365-ngo-preisaenderungen\\\/\",\"name\":\"Microsoft 365 NGO Preis\u00e4nderungen\",\"isPartOf\":{\"@id\":\"https:\\\/\\\/twincapfirst.ch\\\/de\\\/#website\"},\"primaryImageOfPage\":{\"@id\":\"https:\\\/\\\/twincapfirst.ch\\\/de\\\/blog\\\/microsoft-365-ngo-preisaenderungen\\\/#primaryimage\"},\"image\":{\"@id\":\"https:\\\/\\\/twincapfirst.ch\\\/de\\\/blog\\\/microsoft-365-ngo-preisaenderungen\\\/#primaryimage\"},\"thumbnailUrl\":\"https:\\\/\\\/twincapfirst.ch\\\/wp-content\\\/uploads\\\/2024\\\/09\\\/Logo-Microsoft-365.jpg\",\"datePublished\":\"2022-04-19T13:55:55+00:00\",\"dateModified\":\"2024-10-18T16:36:44+00:00\",\"description\":\"Microsoft 365 NGO Preis\u00e4nderungen: Ab September 22 gelten neue Preise f\u00fcr Microsoft 365- & Office 365-Pl\u00e4ne f\u00fcr gemeinn\u00fctzige Organisationen.\",\"breadcrumb\":{\"@id\":\"https:\\\/\\\/twincapfirst.ch\\\/de\\\/blog\\\/microsoft-365-ngo-preisaenderungen\\\/#breadcrumb\"},\"inLanguage\":\"de\",\"potentialAction\":[{\"@type\":\"ReadAction\",\"target\":[\"https:\\\/\\\/twincapfirst.ch\\\/de\\\/blog\\\/microsoft-365-ngo-preisaenderungen\\\/\"]}]},{\"@type\":\"ImageObject\",\"inLanguage\":\"de\",\"@id\":\"https:\\\/\\\/twincapfirst.ch\\\/de\\\/blog\\\/microsoft-365-ngo-preisaenderungen\\\/#primaryimage\",\"url\":\"https:\\\/\\\/twincapfirst.ch\\\/wp-content\\\/uploads\\\/2024\\\/09\\\/Logo-Microsoft-365.jpg\",\"contentUrl\":\"https:\\\/\\\/twincapfirst.ch\\\/wp-content\\\/uploads\\\/2024\\\/09\\\/Logo-Microsoft-365.jpg\",\"width\":600,\"height\":480,\"caption\":\"Opt-in Data Residency Schweiz\"},{\"@type\":\"BreadcrumbList\",\"@id\":\"https:\\\/\\\/twincapfirst.ch\\\/de\\\/blog\\\/microsoft-365-ngo-preisaenderungen\\\/#breadcrumb\",\"itemListElement\":[{\"@type\":\"ListItem\",\"position\":1,\"name\":\"Startseite\",\"item\":\"https:\\\/\\\/twincapfirst.ch\\\/de\\\/\"},{\"@type\":\"ListItem\",\"position\":2,\"name\":\"Microsoft 365 NGO Preis\u00e4nderungen\"}]},{\"@type\":\"WebSite\",\"@id\":\"https:\\\/\\\/twincapfirst.ch\\\/de\\\/#website\",\"url\":\"https:\\\/\\\/twincapfirst.ch\\\/de\\\/\",\"name\":\"TwinCap First AG\",\"description\":\"\",\"publisher\":{\"@id\":\"https:\\\/\\\/twincapfirst.ch\\\/de\\\/#organization\"},\"potentialAction\":[{\"@type\":\"SearchAction\",\"target\":{\"@type\":\"EntryPoint\",\"urlTemplate\":\"https:\\\/\\\/twincapfirst.ch\\\/de\\\/?s={search_term_string}\"},\"query-input\":{\"@type\":\"PropertyValueSpecification\",\"valueRequired\":true,\"valueName\":\"search_term_string\"}}],\"inLanguage\":\"de\"},{\"@type\":\"Organization\",\"@id\":\"https:\\\/\\\/twincapfirst.ch\\\/de\\\/#organization\",\"name\":\"TwinCap First AG\",\"url\":\"https:\\\/\\\/twincapfirst.ch\\\/de\\\/\",\"logo\":{\"@type\":\"ImageObject\",\"inLanguage\":\"de\",\"@id\":\"https:\\\/\\\/twincapfirst.ch\\\/de\\\/#\\\/schema\\\/logo\\\/image\\\/\",\"url\":\"https:\\\/\\\/twincapfirst.ch\\\/wp-content\\\/uploads\\\/2024\\\/08\\\/TCF_Logo.png\",\"contentUrl\":\"https:\\\/\\\/twincapfirst.ch\\\/wp-content\\\/uploads\\\/2024\\\/08\\\/TCF_Logo.png\",\"width\":1510,\"height\":440,\"caption\":\"TwinCap First AG\"},\"image\":{\"@id\":\"https:\\\/\\\/twincapfirst.ch\\\/de\\\/#\\\/schema\\\/logo\\\/image\\\/\"},\"sameAs\":[\"https:\\\/\\\/www.facebook.com\\\/twincapfirst\\\/\",\"https:\\\/\\\/www.linkedin.com\\\/company\\\/twincap-first-ag\\\/\"]},{\"@type\":\"Person\",\"@id\":\"https:\\\/\\\/twincapfirst.ch\\\/de\\\/#\\\/schema\\\/person\\\/e209fc362446205692717b0aef040efd\",\"name\":\"christoph.schoch@twincapfirst.ch\",\"image\":{\"@type\":\"ImageObject\",\"inLanguage\":\"de\",\"@id\":\"https:\\\/\\\/secure.gravatar.com\\\/avatar\\\/a13233c9248b2b6475500e5da4af765d0ed21f11d36a9038d5b3be256ddda8af?s=96&d=mm&r=g\",\"url\":\"https:\\\/\\\/secure.gravatar.com\\\/avatar\\\/a13233c9248b2b6475500e5da4af765d0ed21f11d36a9038d5b3be256ddda8af?s=96&d=mm&r=g\",\"contentUrl\":\"https:\\\/\\\/secure.gravatar.com\\\/avatar\\\/a13233c9248b2b6475500e5da4af765d0ed21f11d36a9038d5b3be256ddda8af?s=96&d=mm&r=g\",\"caption\":\"christoph.schoch@twincapfirst.ch\"}}]}<\/script>\n<!-- \/ Yoast SEO Premium plugin. -->","yoast_head_json":{"title":"Microsoft 365 NGO Preis\u00e4nderungen","description":"Microsoft 365 NGO Preis\u00e4nderungen: Ab September 22 gelten neue Preise f\u00fcr Microsoft 365- & Office 365-Pl\u00e4ne f\u00fcr gemeinn\u00fctzige Organisationen.","robots":{"index":"index","follow":"follow","max-snippet":"max-snippet:-1","max-image-preview":"max-image-preview:large","max-video-preview":"max-video-preview:-1"},"canonical":"https:\/\/twincapfirst.ch\/de\/blog\/microsoft-365-ngo-preisaenderungen\/","og_locale":"de_DE","og_type":"article","og_title":"Microsoft 365 NGO Preis\u00e4nderungen","og_description":"Microsoft 365 NGO Preis\u00e4nderungen: Ab September 22 gelten neue Preise f\u00fcr Microsoft 365- & Office 365-Pl\u00e4ne f\u00fcr gemeinn\u00fctzige Organisationen.","og_url":"https:\/\/twincapfirst.ch\/de\/blog\/microsoft-365-ngo-preisaenderungen\/","og_site_name":"TwinCap First AG","article_publisher":"https:\/\/www.facebook.com\/twincapfirst\/","article_published_time":"2022-04-19T13:55:55+00:00","article_modified_time":"2024-10-18T16:36:44+00:00","og_image":[{"width":600,"height":480,"url":"https:\/\/twincapfirst.ch\/wp-content\/uploads\/2024\/09\/Logo-Microsoft-365.jpg","type":"image\/jpeg"}],"author":"christoph.schoch@twincapfirst.ch","twitter_card":"summary_large_image","twitter_misc":{"Verfasst von":"christoph.schoch@twincapfirst.ch","Gesch\u00e4tzte Lesezeit":"2\u00a0Minuten"},"schema":{"@context":"https:\/\/schema.org","@graph":[{"@type":"Article","@id":"https:\/\/twincapfirst.ch\/de\/blog\/microsoft-365-ngo-preisaenderungen\/#article","isPartOf":{"@id":"https:\/\/twincapfirst.ch\/de\/blog\/microsoft-365-ngo-preisaenderungen\/"},"author":{"name":"christoph.schoch@twincapfirst.ch","@id":"https:\/\/twincapfirst.ch\/de\/#\/schema\/person\/e209fc362446205692717b0aef040efd"},"headline":"Microsoft 365 NGO Preis\u00e4nderungen","datePublished":"2022-04-19T13:55:55+00:00","dateModified":"2024-10-18T16:36:44+00:00","mainEntityOfPage":{"@id":"https:\/\/twincapfirst.ch\/de\/blog\/microsoft-365-ngo-preisaenderungen\/"},"wordCount":247,"publisher":{"@id":"https:\/\/twincapfirst.ch\/de\/#organization"},"image":{"@id":"https:\/\/twincapfirst.ch\/de\/blog\/microsoft-365-ngo-preisaenderungen\/#primaryimage"},"thumbnailUrl":"https:\/\/twincapfirst.ch\/wp-content\/uploads\/2024\/09\/Logo-Microsoft-365.jpg","articleSection":["100% Cloud","Lizenzen","Office 365","Unkategorisiert"],"inLanguage":"de"},{"@type":"WebPage","@id":"https:\/\/twincapfirst.ch\/de\/blog\/microsoft-365-ngo-preisaenderungen\/","url":"https:\/\/twincapfirst.ch\/de\/blog\/microsoft-365-ngo-preisaenderungen\/","name":"Microsoft 365 NGO Preis\u00e4nderungen","isPartOf":{"@id":"https:\/\/twincapfirst.ch\/de\/#website"},"primaryImageOfPage":{"@id":"https:\/\/twincapfirst.ch\/de\/blog\/microsoft-365-ngo-preisaenderungen\/#primaryimage"},"image":{"@id":"https:\/\/twincapfirst.ch\/de\/blog\/microsoft-365-ngo-preisaenderungen\/#primaryimage"},"thumbnailUrl":"https:\/\/twincapfirst.ch\/wp-content\/uploads\/2024\/09\/Logo-Microsoft-365.jpg","datePublished":"2022-04-19T13:55:55+00:00","dateModified":"2024-10-18T16:36:44+00:00","description":"Microsoft 365 NGO Preis\u00e4nderungen: Ab September 22 gelten neue Preise f\u00fcr Microsoft 365- & Office 365-Pl\u00e4ne f\u00fcr gemeinn\u00fctzige Organisationen.","breadcrumb":{"@id":"https:\/\/twincapfirst.ch\/de\/blog\/microsoft-365-ngo-preisaenderungen\/#breadcrumb"},"inLanguage":"de","potentialAction":[{"@type":"ReadAction","target":["https:\/\/twincapfirst.ch\/de\/blog\/microsoft-365-ngo-preisaenderungen\/"]}]},{"@type":"ImageObject","inLanguage":"de","@id":"https:\/\/twincapfirst.ch\/de\/blog\/microsoft-365-ngo-preisaenderungen\/#primaryimage","url":"https:\/\/twincapfirst.ch\/wp-content\/uploads\/2024\/09\/Logo-Microsoft-365.jpg","contentUrl":"https:\/\/twincapfirst.ch\/wp-content\/uploads\/2024\/09\/Logo-Microsoft-365.jpg","width":600,"height":480,"caption":"Opt-in Data Residency Schweiz"},{"@type":"BreadcrumbList","@id":"https:\/\/twincapfirst.ch\/de\/blog\/microsoft-365-ngo-preisaenderungen\/#breadcrumb","itemListElement":[{"@type":"ListItem","position":1,"name":"Startseite","item":"https:\/\/twincapfirst.ch\/de\/"},{"@type":"ListItem","position":2,"name":"Microsoft 365 NGO Preis\u00e4nderungen"}]},{"@type":"WebSite","@id":"https:\/\/twincapfirst.ch\/de\/#website","url":"https:\/\/twincapfirst.ch\/de\/","name":"TwinCap First AG","description":"","publisher":{"@id":"https:\/\/twincapfirst.ch\/de\/#organization"},"potentialAction":[{"@type":"SearchAction","target":{"@type":"EntryPoint","urlTemplate":"https:\/\/twincapfirst.ch\/de\/?s={search_term_string}"},"query-input":{"@type":"PropertyValueSpecification","valueRequired":true,"valueName":"search_term_string"}}],"inLanguage":"de"},{"@type":"Organization","@id":"https:\/\/twincapfirst.ch\/de\/#organization","name":"TwinCap First AG","url":"https:\/\/twincapfirst.ch\/de\/","logo":{"@type":"ImageObject","inLanguage":"de","@id":"https:\/\/twincapfirst.ch\/de\/#\/schema\/logo\/image\/","url":"https:\/\/twincapfirst.ch\/wp-content\/uploads\/2024\/08\/TCF_Logo.png","contentUrl":"https:\/\/twincapfirst.ch\/wp-content\/uploads\/2024\/08\/TCF_Logo.png","width":1510,"height":440,"caption":"TwinCap First AG"},"image":{"@id":"https:\/\/twincapfirst.ch\/de\/#\/schema\/logo\/image\/"},"sameAs":["https:\/\/www.facebook.com\/twincapfirst\/","https:\/\/www.linkedin.com\/company\/twincap-first-ag\/"]},{"@type":"Person","@id":"https:\/\/twincapfirst.ch\/de\/#\/schema\/person\/e209fc362446205692717b0aef040efd","name":"christoph.schoch@twincapfirst.ch","image":{"@type":"ImageObject","inLanguage":"de","@id":"https:\/\/secure.gravatar.com\/avatar\/a13233c9248b2b6475500e5da4af765d0ed21f11d36a9038d5b3be256ddda8af?s=96&d=mm&r=g","url":"https:\/\/secure.gravatar.com\/avatar\/a13233c9248b2b6475500e5da4af765d0ed21f11d36a9038d5b3be256ddda8af?s=96&d=mm&r=g","contentUrl":"https:\/\/secure.gravatar.com\/avatar\/a13233c9248b2b6475500e5da4af765d0ed21f11d36a9038d5b3be256ddda8af?s=96&d=mm&r=g","caption":"christoph.schoch@twincapfirst.ch"}}]}},"_links":{"self":[{"href":"https:\/\/twincapfirst.ch\/de\/wp-json\/wp\/v2\/posts\/45482","targetHints":{"allow":["GET"]}}],"collection":[{"href":"https:\/\/twincapfirst.ch\/de\/wp-json\/wp\/v2\/posts"}],"about":[{"href":"https:\/\/twincapfirst.ch\/de\/wp-json\/wp\/v2\/types\/post"}],"author":[{"embeddable":true,"href":"https:\/\/twincapfirst.ch\/de\/wp-json\/wp\/v2\/users\/2"}],"replies":[{"embeddable":true,"href":"https:\/\/twincapfirst.ch\/de\/wp-json\/wp\/v2\/comments?post=45482"}],"version-history":[{"count":0,"href":"https:\/\/twincapfirst.ch\/de\/wp-json\/wp\/v2\/posts\/45482\/revisions"}],"wp:featuredmedia":[{"embeddable":true,"href":"https:\/\/twincapfirst.ch\/de\/wp-json\/wp\/v2\/media\/43643"}],"wp:attachment":[{"href":"https:\/\/twincapfirst.ch\/de\/wp-json\/wp\/v2\/media?parent=45482"}],"wp:term":[{"taxonomy":"category","embeddable":true,"href":"https:\/\/twincapfirst.ch\/de\/wp-json\/wp\/v2\/categories?post=45482"},{"taxonomy":"post_tag","embeddable":true,"href":"https:\/\/twincapfirst.ch\/de\/wp-json\/wp\/v2\/tags?post=45482"},{"taxonomy":"service-tag","embeddable":true,"href":"https:\/\/twincapfirst.ch\/de\/wp-json\/wp\/v2\/service-tag?post=45482"}],"curies":[{"name":"wp","href":"https:\/\/api.w.org\/{rel}","templated":true}]}}